{"id":9993,"date":"2023-10-01T10:08:49","date_gmt":"2023-10-01T14:08:49","guid":{"rendered":"https:\/\/panoramatv.com.do\/?p=9993"},"modified":"2023-10-01T10:09:24","modified_gmt":"2023-10-01T14:09:24","slug":"intrant-presenta-avances-sistema-integrado-de-transporte-en-santiag","status":"publish","type":"post","link":"https:\/\/panoramatv.com.do\/index.php\/2023\/10\/01\/intrant-presenta-avances-sistema-integrado-de-transporte-en-santiag\/","title":{"rendered":"Intrant presenta avances Sistema Integrado de Transporte en Santiag"},"content":{"rendered":"\n<p>Como parte de las actividades realizadas durante la Semana Nacional de la Movilidad Sostenible (SNMS), el Instituto Nacional de Tr\u00e1nsito y Transporte Terrestre (Intrant), realiz\u00f3 hoy un foro para presentar los avances del Sistema Integrado de Transporte P\u00fablico en la ciudad de Santiago de los Caballeros, en la Pontificia Universidad Cat\u00f3lica Madre y Maestra (PUCMM), de esa demarcaci\u00f3n.<\/p>\n\n\n\n<p>El conversatorio tiene la finalidad de dar a conocer las acciones que ejecuta el gobierno del presidente Luis Abinader para lograr conexiones sostenibles en ciudades de la Rep\u00fablica Dominicana.<\/p>\n\n\n\n<p>En ese sentido, Domingo Canela, subdirector del Intrant, en representaci\u00f3n de Hugo Beras, dijo que el Sistema Integrado de Transporte que se est\u00e1 implementando en el pa\u00eds es una modalidad \u00fanica que beneficiar\u00e1 a los ciudadanos y en ese sentido, desde el&nbsp; Gobierno, se busca dar respuesta a la necesidad de transportaci\u00f3n segura y moderna con la implementaci\u00f3n de corredores de autobuses y la expansi\u00f3n del Metro, as\u00ed&nbsp; como el Telef\u00e9rico de Santo Domingo y Santiago.&nbsp;<\/p>\n\n\n\n<p>\u00abEstas acciones son llevadas a cabo por el director ejecutivo del Intrant, Hugo Beras, por disposici\u00f3n del presidente Luis Abinader\u00bb , concluy\u00f3 Canela.&nbsp;<\/p>\n\n\n\n<p>Mientras que, el director del Apoyo al Plan de Movilidad Urbana Sostenible (AIPMUS),&nbsp; Juan Pablo Bocarejo, agreg\u00f3 que \u00abseguimos trabajando con la Uni\u00f3n Europea y la AFD junto al Intrant, para avanzar el PMUS en Sto. Dgo. y Santiago, por lo que esta semana hemos presentado los proyectos que se han estado realizando en base a diversos estudios.<\/p>\n\n\n\n<p>\u00abSe espera que estos proyectos ayudan a mejorar la calidad de vida y reducir los impactos ambientales de la movilidad\u00bb, precis\u00f3 Bocarejo.<\/p>\n\n\n\n<p>Asimismo, el consultor Carlos Loredo, resalt\u00f3 el impacto positivo del Sistema Integrado de Transporte P\u00fablico en Santiago, debido al 85.62 % de crecimiento de la huella urbana, con s\u00f3lo un&nbsp; 14.3% en poblaci\u00f3n en 15 a\u00f1os\u00bb.&nbsp;<\/p>\n\n\n\n<figure class=\"wp-block-image size-large\"><img decoding=\"async\" src=\"https:\/\/images.panoramatv.com.do\/wp-content\/uploads\/2023\/10\/0-2-1024x683.jpg\" alt=\"\" class=\"wp-image-9994\"\/><\/figure>\n","protected":false},"excerpt":{"rendered":"<p>Como parte de las actividades realizadas durante la Semana Nacional de la Movilidad Sostenible (SNMS), el Instituto Nacional de Tr\u00e1nsito y Transporte Terrestre (Intrant), realiz\u00f3 hoy un foro para presentar los avances del Sistema Integrado de Transporte P\u00fablico en la ciudad de Santiago de los Caballeros, en la Pontificia Universidad Cat\u00f3lica Madre y Maestra (PUCMM), [&hellip;]<\/p>\n","protected":false},"author":1,"featured_media":9994,"comment_status":"open","ping_status":"open","sticky":false,"template":"","format":"standard","meta":{"_jetpack_memberships_contains_paid_content":false,"footnotes":"","jetpack_publicize_message":"","jetpack_publicize_feature_enabled":true,"jetpack_social_post_already_shared":true,"jetpack_social_options":{"image_generator_settings":{"template":"highway","enabled":false}}},"categories":[1],"tags":[92],"class_list":["post-9993","post","type-post","status-publish","format-standard","has-post-thumbnail","hentry","category-actualidad","tag-intrant"],"jetpack_publicize_connections":[],"jetpack_sharing_enabled":true,"jetpack_featured_media_url":"https:\/\/panoramatv.com.do\/wp-content\/uploads\/2023\/10\/0-2-1378x919.jpg","jetpack_likes_enabled":true,"jetpack-related-posts":[],"_links":{"self":[{"href":"https:\/\/panoramatv.com.do\/index.php\/wp-json\/wp\/v2\/posts\/9993","targetHints":{"allow":["GET"]}}],"collection":[{"href":"https:\/\/panoramatv.com.do\/index.php\/wp-json\/wp\/v2\/posts"}],"about":[{"href":"https:\/\/panoramatv.com.do\/index.php\/wp-json\/wp\/v2\/types\/post"}],"author":[{"embeddable":true,"href":"https:\/\/panoramatv.com.do\/index.php\/wp-json\/wp\/v2\/users\/1"}],"replies":[{"embeddable":true,"href":"https:\/\/panoramatv.com.do\/index.php\/wp-json\/wp\/v2\/comments?post=9993"}],"version-history":[{"count":0,"href":"https:\/\/panoramatv.com.do\/index.php\/wp-json\/wp\/v2\/posts\/9993\/revisions"}],"wp:featuredmedia":[{"embeddable":true,"href":"https:\/\/panoramatv.com.do\/index.php\/wp-json\/wp\/v2\/media\/9994"}],"wp:attachment":[{"href":"https:\/\/panoramatv.com.do\/index.php\/wp-json\/wp\/v2\/media?parent=9993"}],"wp:term":[{"taxonomy":"category","embeddable":true,"href":"https:\/\/panoramatv.com.do\/index.php\/wp-json\/wp\/v2\/categories?post=9993"},{"taxonomy":"post_tag","embeddable":true,"href":"https:\/\/panoramatv.com.do\/index.php\/wp-json\/wp\/v2\/tags?post=9993"}],"curies":[{"name":"wp","href":"https:\/\/api.w.org\/{rel}","templated":true}]}}