{"id":9975,"date":"2023-10-01T09:59:25","date_gmt":"2023-10-01T13:59:25","guid":{"rendered":"https:\/\/panoramatv.com.do\/?p=9975"},"modified":"2023-10-01T10:00:11","modified_gmt":"2023-10-01T14:00:11","slug":"director-de-intrant-entrega-certificados-de-capacitacion-a-colaboradores-corredores-de-transporte","status":"publish","type":"post","link":"https:\/\/panoramatv.com.do\/index.php\/2023\/10\/01\/director-de-intrant-entrega-certificados-de-capacitacion-a-colaboradores-corredores-de-transporte\/","title":{"rendered":"Director de Intrant entrega certificados de capacitaci\u00f3n a colaboradores corredores de transporte"},"content":{"rendered":"\n<p>En el marco de la clausura de la Semana de la Movilidad Sostenible, el director ejecutivo del Institutito Nacional de Tr\u00e1nsito y Transporte Terrestre (Intrant), Hugo Beras, entreg\u00f3 150 certificados a igual n\u00famero de colaboradores que se capacitaron en Gesti\u00f3n de Cambio Individual y Colectivo y Formaci\u00f3n Empresarial, dentro del proyecto \u201cApoyo Social a la Reforma de Corredores de Autobuses Urbanos del Sistema Integrado de Transporte P\u00fablico de Pasajeros\u201d.<\/p>\n\n\n\n<p>Al encabezar la actividad, Beras destac\u00f3 el trabajo que ha venido haciendo el presidente Luis Abinader en el sector del Transporte, quien ha demostrado el inter\u00e9s de que sea reformado en la Rep\u00fablica Dominicana. \u201cEl presidente tiene inter\u00e9s de transformar el transporte, no solamente de cara a los que suministran el servicio, sino tambi\u00e9n a los que reciben ese servicio que son todos los ciudadanos, en el Distrito Nacional, el Gran Santo Domingo y el todo el pa\u00eds\u201d.<\/p>\n\n\n\n<p>Manifest\u00f3 que hace unos d\u00edas escuch\u00f3 al mandatario hablar del sistema de transporte cuando lleg\u00f3 en el a\u00f1o 2020 y que prometi\u00f3 seguir desarroll\u00e1ndolo como lo ameritan los nuevos tiempos, &nbsp;y que de esa fecha ac\u00e1, ha demostrado que lo que ha prometido lo cumpli\u00f3 &nbsp;llevado las palabras a los hechos.<\/p>\n\n\n\n<p>El funcionario agreg\u00f3 que con esta entrega de certificados que est\u00e1n recibiendo los colaboradores en este proceso, se puede decir hay recursos humanos para seguir avanzando en los cambios del transporte en lo que respecta formaci\u00f3n y capacitaci\u00f3n del personal operativo.<\/p>\n\n\n\n<p>De su lado, Johanna Cruz Monegro, directora general de People Group Dominicana, agradeci\u00f3 al Intrant por confiar en la afirma, y explic\u00f3 que los m\u00f3dulos presenciales de capacitaci\u00f3n estuvieron conformados por todos los colaboradores que se empe\u00f1aron en ser parte de los subprogramas de Gesti\u00f3n de Cambio integral para la mejora del servicio de transporte.<\/p>\n\n\n\n<figure class=\"wp-block-gallery has-nested-images columns-default is-cropped wp-block-gallery-1 is-layout-flex wp-block-gallery-is-layout-flex\">\n<figure class=\"wp-block-image size-large\"><img decoding=\"async\" data-id=\"9977\" src=\"https:\/\/images.panoramatv.com.do\/wp-content\/uploads\/2023\/10\/FOTO-ENTREGA-DE-CERTIFICADOS--1024x683.jpg\" alt=\"\" class=\"wp-image-9977\"\/><\/figure>\n\n\n\n<figure class=\"wp-block-image size-large\"><img decoding=\"async\" data-id=\"9976\" src=\"https:\/\/images.panoramatv.com.do\/wp-content\/uploads\/2023\/10\/ENTREGA-DE-CERTIFICADOS-1024x683.jpg\" alt=\"\" class=\"wp-image-9976\"\/><\/figure>\n<\/figure>\n","protected":false},"excerpt":{"rendered":"<p>En el marco de la clausura de la Semana de la Movilidad Sostenible, el director ejecutivo del Institutito Nacional de Tr\u00e1nsito y Transporte Terrestre (Intrant), Hugo Beras, entreg\u00f3 150 certificados a igual n\u00famero de colaboradores que se capacitaron en Gesti\u00f3n de Cambio Individual y Colectivo y Formaci\u00f3n Empresarial, dentro del proyecto \u201cApoyo Social a la [&hellip;]<\/p>\n","protected":false},"author":1,"featured_media":9977,"comment_status":"open","ping_status":"open","sticky":false,"template":"","format":"standard","meta":{"_jetpack_memberships_contains_paid_content":false,"footnotes":"","jetpack_publicize_message":"","jetpack_publicize_feature_enabled":true,"jetpack_social_post_already_shared":true,"jetpack_social_options":{"image_generator_settings":{"template":"highway","enabled":false}}},"categories":[1],"tags":[92],"class_list":["post-9975","post","type-post","status-publish","format-standard","has-post-thumbnail","hentry","category-actualidad","tag-intrant"],"jetpack_publicize_connections":[],"jetpack_sharing_enabled":true,"jetpack_featured_media_url":"https:\/\/panoramatv.com.do\/wp-content\/uploads\/2023\/10\/FOTO-ENTREGA-DE-CERTIFICADOS--1378x919.jpg","jetpack_likes_enabled":true,"jetpack-related-posts":[],"_links":{"self":[{"href":"https:\/\/panoramatv.com.do\/index.php\/wp-json\/wp\/v2\/posts\/9975","targetHints":{"allow":["GET"]}}],"collection":[{"href":"https:\/\/panoramatv.com.do\/index.php\/wp-json\/wp\/v2\/posts"}],"about":[{"href":"https:\/\/panoramatv.com.do\/index.php\/wp-json\/wp\/v2\/types\/post"}],"author":[{"embeddable":true,"href":"https:\/\/panoramatv.com.do\/index.php\/wp-json\/wp\/v2\/users\/1"}],"replies":[{"embeddable":true,"href":"https:\/\/panoramatv.com.do\/index.php\/wp-json\/wp\/v2\/comments?post=9975"}],"version-history":[{"count":0,"href":"https:\/\/panoramatv.com.do\/index.php\/wp-json\/wp\/v2\/posts\/9975\/revisions"}],"wp:featuredmedia":[{"embeddable":true,"href":"https:\/\/panoramatv.com.do\/index.php\/wp-json\/wp\/v2\/media\/9977"}],"wp:attachment":[{"href":"https:\/\/panoramatv.com.do\/index.php\/wp-json\/wp\/v2\/media?parent=9975"}],"wp:term":[{"taxonomy":"category","embeddable":true,"href":"https:\/\/panoramatv.com.do\/index.php\/wp-json\/wp\/v2\/categories?post=9975"},{"taxonomy":"post_tag","embeddable":true,"href":"https:\/\/panoramatv.com.do\/index.php\/wp-json\/wp\/v2\/tags?post=9975"}],"curies":[{"name":"wp","href":"https:\/\/api.w.org\/{rel}","templated":true}]}}