{"id":9924,"date":"2023-08-31T08:52:14","date_gmt":"2023-08-31T12:52:14","guid":{"rendered":"https:\/\/panoramatv.com.do\/?p=9924"},"modified":"2023-08-31T08:52:53","modified_gmt":"2023-08-31T12:52:53","slug":"diputados-aprueban-elevar-a-municipio-distrito-municipal-de-tireo-en-constanza","status":"publish","type":"post","link":"https:\/\/panoramatv.com.do\/index.php\/2023\/08\/31\/diputados-aprueban-elevar-a-municipio-distrito-municipal-de-tireo-en-constanza\/","title":{"rendered":"Diputados aprueban elevar a municipio distrito municipal de Tireo, en Constanza"},"content":{"rendered":"\n<p>SANTO DOMINGO.- La C\u00e1mara de Diputados aprob\u00f3, en primera lectura, un proyecto de ley que eleva a categor\u00eda de municipio el distrito municipal de Tireo, municipio de Constanza, provincia La Vega.<\/p>\n\n\n\n<p>La iniciativa es del diputado Rogelio Alfonso Genao Lanza, quien dijo que Tireo tiene muchos a\u00f1os buscando ser elevado de categor\u00eda, en busca de obtener la capacidad jur\u00eddica para proteger sus territorios y mantener su vocaci\u00f3n agr\u00edcola, los cuales est\u00e1n siendo invadidos por la construcci\u00f3n de viviendas.&nbsp;<\/p>\n\n\n\n<p>Sostuvo que es una comunidad de hombres y mujeres trabajadoras que buscan el desarrollo econ\u00f3mico.<\/p>\n\n\n\n<p>De su lado, la Comisi\u00f3n Permanente de Asuntos Municipales de la C\u00e1mara de Diputados, apoderada para el estudio de la iniciativa, emiti\u00f3 un informe favorable, luego de analizar el contenido del proyecto y validar que este distrito municipal re\u00fane las condiciones para ser elevado de categor\u00eda, por contar con un progreso significativo en cuanto a productividad e \u00edndices de desarrollo humano.<\/p>\n\n\n\n<p>En dicho informe, los miembros de la Comisi\u00f3n expresaron que el cambio de categor\u00eda de la referida localidad contribuir\u00e1 de manera positiva al fortalecimiento de su econom\u00eda, a elevar la calidad de vida de sus habitantes, as\u00ed como al desarrollo de sus potencialidades productivas, el cual aporta una proporci\u00f3n considerable al pa\u00eds.<\/p>\n\n\n\n<figure class=\"wp-block-gallery has-nested-images columns-default is-cropped wp-block-gallery-1 is-layout-flex wp-block-gallery-is-layout-flex\">\n<figure class=\"wp-block-image size-large\"><img decoding=\"async\" data-id=\"9925\" src=\"https:\/\/images.panoramatv.com.do\/wp-content\/uploads\/2023\/08\/1-22-934x623.jpg\" alt=\"\" class=\"wp-image-9925\"\/><\/figure>\n\n\n\n<figure class=\"wp-block-image size-large\"><img decoding=\"async\" data-id=\"9926\" src=\"https:\/\/images.panoramatv.com.do\/wp-content\/uploads\/2023\/08\/0-34-935x623.jpg\" alt=\"\" class=\"wp-image-9926\"\/><\/figure>\n<\/figure>\n","protected":false},"excerpt":{"rendered":"<p>SANTO DOMINGO.- La C\u00e1mara de Diputados aprob\u00f3, en primera lectura, un proyecto de ley que eleva a categor\u00eda de municipio el distrito municipal de Tireo, municipio de Constanza, provincia La Vega. La iniciativa es del diputado Rogelio Alfonso Genao Lanza, quien dijo que Tireo tiene muchos a\u00f1os buscando ser elevado de categor\u00eda, en busca de [&hellip;]<\/p>\n","protected":false},"author":1,"featured_media":9925,"comment_status":"open","ping_status":"open","sticky":false,"template":"","format":"standard","meta":{"_jetpack_memberships_contains_paid_content":false,"footnotes":"","jetpack_publicize_message":"","jetpack_publicize_feature_enabled":true,"jetpack_social_post_already_shared":true,"jetpack_social_options":{"image_generator_settings":{"template":"highway","enabled":false}}},"categories":[1],"tags":[759],"class_list":["post-9924","post","type-post","status-publish","format-standard","has-post-thumbnail","hentry","category-actualidad","tag-camara-de-diputados"],"jetpack_publicize_connections":[],"jetpack_sharing_enabled":true,"jetpack_featured_media_url":"https:\/\/images.panoramatv.com.do\/wp-content\/uploads\/2023\/08\/1-22-934x623.jpg","jetpack_likes_enabled":true,"jetpack-related-posts":[],"_links":{"self":[{"href":"https:\/\/panoramatv.com.do\/index.php\/wp-json\/wp\/v2\/posts\/9924"}],"collection":[{"href":"https:\/\/panoramatv.com.do\/index.php\/wp-json\/wp\/v2\/posts"}],"about":[{"href":"https:\/\/panoramatv.com.do\/index.php\/wp-json\/wp\/v2\/types\/post"}],"author":[{"embeddable":true,"href":"https:\/\/panoramatv.com.do\/index.php\/wp-json\/wp\/v2\/users\/1"}],"replies":[{"embeddable":true,"href":"https:\/\/panoramatv.com.do\/index.php\/wp-json\/wp\/v2\/comments?post=9924"}],"version-history":[{"count":0,"href":"https:\/\/panoramatv.com.do\/index.php\/wp-json\/wp\/v2\/posts\/9924\/revisions"}],"wp:featuredmedia":[{"embeddable":true,"href":"https:\/\/panoramatv.com.do\/index.php\/wp-json\/wp\/v2\/media\/9925"}],"wp:attachment":[{"href":"https:\/\/panoramatv.com.do\/index.php\/wp-json\/wp\/v2\/media?parent=9924"}],"wp:term":[{"taxonomy":"category","embeddable":true,"href":"https:\/\/panoramatv.com.do\/index.php\/wp-json\/wp\/v2\/categories?post=9924"},{"taxonomy":"post_tag","embeddable":true,"href":"https:\/\/panoramatv.com.do\/index.php\/wp-json\/wp\/v2\/tags?post=9924"}],"curies":[{"name":"wp","href":"https:\/\/api.w.org\/{rel}","templated":true}]}}