{"id":9911,"date":"2023-08-23T18:55:14","date_gmt":"2023-08-23T22:55:14","guid":{"rendered":"https:\/\/panoramatv.com.do\/?p=9911"},"modified":"2023-08-23T20:02:22","modified_gmt":"2023-08-24T00:02:22","slug":"alcaldesa-carolina-mejia-asegura-presencia-permanente-en-las-calles-para-atender-las-necesidades-de-la-poblacion","status":"publish","type":"post","link":"https:\/\/panoramatv.com.do\/index.php\/2023\/08\/23\/alcaldesa-carolina-mejia-asegura-presencia-permanente-en-las-calles-para-atender-las-necesidades-de-la-poblacion\/","title":{"rendered":"Alcaldesa Carolina Mej\u00eda asegura presencia permanente en las calles para atender las necesidades de la poblaci\u00f3n"},"content":{"rendered":"\n<p>Se inform\u00f3 que 250 agentes de la Polic\u00eda Municipal, 292 bomberos en servicio permanente, respaldados por 450 voluntarios y 24 unidades contra incendios, se encuentran en las calles para garantizar respuesta inmediata a la ciudadan\u00eda.&nbsp;&nbsp;<\/p>\n\n\n\n<p>Santo Domingo, D.N.- En medio de las fuertes lluvias generadas por la tormenta tropical Franklin, la alcaldesa del Distrito Nacional, Carolina Mej\u00eda, ha llevado a cabo un recorrido por diversos sectores de la capital con el objetivo de canalizar de manera inmediata las situaciones que se presentan debido a las precipitaciones.<\/p>\n\n\n\n<p>Desde tempranas horas de la ma\u00f1ana de este mi\u00e9rcoles, la alcaldesa se &nbsp;desplaz\u00f3 por diferentes sectores de la circunscripci\u00f3n 3 para estar en contacto directo con los ciudadanos afectados por las lluvias. En su visita a sectores como Villa Juana, Los Guandules, la Ci\u00e9nega, El Caliche de Los R\u00edos, Los Girasoles primero y las 800tas, Mej\u00eda convers\u00f3 con residentes y l\u00edderes comunitarios para esceuchar sus necesidades y brindarles apoyo en tiempo real.<\/p>\n\n\n\n<p>&nbsp;Carolina indic\u00f3 que ayer realiz\u00f3 un recorrido por la circunscripci\u00f3n 2 y que los organismos de socorro que est\u00e1n en la calle, asistiendo a las personas continuamente \u201cTenemos comunicaci\u00f3n minuto a minuto, le estamos pasando todas las incidencias que recibimos para atender a la gente. Lo que le pedimos a la ciudadan\u00eda es que por favor est\u00e9 atento ya hay muchas personas que est\u00e1n trabajando, para el traslado, ya sea a casa de familiares o albergues que por favor no se resistan, entendemos la resistencia natural de algunas personas, pero queremos que entiendan que para nosotros lo primordial es garantizar su integridad f\u00edsica y no tener perdidas valiosas como es la vida\u201d.<\/p>\n\n\n\n<p>La alcaldesa, acompa\u00f1ada con parte de su equipo de directores, regidores y diputados ha estado en constante coordinaci\u00f3n con los equipos de respuesta ante desastres, incluyendo brigadas de bomberos y personal de la Defensa Civil, para asegurar que las acciones de atenci\u00f3n y prevenci\u00f3n se lleven a cabo de manera eficiente.<\/p>\n\n\n\n<p>\u201cLa colaboraci\u00f3n y el trabajo en equipo son esenciales en estos momentos. Estamos reforzando nuestros trabajos de prevenci\u00f3n y apoyo a la ciudadan\u00eda, y continuaremos monitoreando de cerca la situaci\u00f3n. Les pedimos a los ciudadanos que sigan las recomendaciones de seguridad y est\u00e9n atentos a los avisos oficiales\u201d, enfatiz\u00f3 la alcaldesa.<\/p>\n\n\n\n<figure class=\"wp-block-gallery has-nested-images columns-default is-cropped wp-block-gallery-1 is-layout-flex wp-block-gallery-is-layout-flex\">\n<figure class=\"wp-block-image size-large\"><img decoding=\"async\" data-id=\"9912\" src=\"https:\/\/images.panoramatv.com.do\/wp-content\/uploads\/2023\/08\/1-21-693x924.jpg\" alt=\"\" class=\"wp-image-9912\"\/><\/figure>\n\n\n\n<figure class=\"wp-block-image size-large\"><img decoding=\"async\" data-id=\"9913\" src=\"https:\/\/images.panoramatv.com.do\/wp-content\/uploads\/2023\/08\/0-30-695x924.jpg\" alt=\"\" class=\"wp-image-9913\"\/><\/figure>\n<\/figure>\n","protected":false},"excerpt":{"rendered":"<p>Se inform\u00f3 que 250 agentes de la Polic\u00eda Municipal, 292 bomberos en servicio permanente, respaldados por 450 voluntarios y 24 unidades contra incendios, se encuentran en las calles para garantizar respuesta inmediata a la ciudadan\u00eda.&nbsp;&nbsp; Santo Domingo, D.N.- En medio de las fuertes lluvias generadas por la tormenta tropical Franklin, la alcaldesa del Distrito Nacional, [&hellip;]<\/p>\n","protected":false},"author":1,"featured_media":9914,"comment_status":"open","ping_status":"open","sticky":false,"template":"","format":"standard","meta":{"_jetpack_memberships_contains_paid_content":false,"footnotes":"","jetpack_publicize_message":"","jetpack_publicize_feature_enabled":true,"jetpack_social_post_already_shared":true,"jetpack_social_options":{"image_generator_settings":{"template":"highway","enabled":false}}},"categories":[1],"tags":[2008],"class_list":["post-9911","post","type-post","status-publish","format-standard","has-post-thumbnail","hentry","category-actualidad","tag-tormenta-franklin"],"jetpack_publicize_connections":[],"jetpack_sharing_enabled":true,"jetpack_featured_media_url":"https:\/\/panoramatv.com.do\/wp-content\/uploads\/2023\/08\/0-31-1232x924.jpg","jetpack_likes_enabled":true,"jetpack-related-posts":[],"_links":{"self":[{"href":"https:\/\/panoramatv.com.do\/index.php\/wp-json\/wp\/v2\/posts\/9911","targetHints":{"allow":["GET"]}}],"collection":[{"href":"https:\/\/panoramatv.com.do\/index.php\/wp-json\/wp\/v2\/posts"}],"about":[{"href":"https:\/\/panoramatv.com.do\/index.php\/wp-json\/wp\/v2\/types\/post"}],"author":[{"embeddable":true,"href":"https:\/\/panoramatv.com.do\/index.php\/wp-json\/wp\/v2\/users\/1"}],"replies":[{"embeddable":true,"href":"https:\/\/panoramatv.com.do\/index.php\/wp-json\/wp\/v2\/comments?post=9911"}],"version-history":[{"count":0,"href":"https:\/\/panoramatv.com.do\/index.php\/wp-json\/wp\/v2\/posts\/9911\/revisions"}],"wp:featuredmedia":[{"embeddable":true,"href":"https:\/\/panoramatv.com.do\/index.php\/wp-json\/wp\/v2\/media\/9914"}],"wp:attachment":[{"href":"https:\/\/panoramatv.com.do\/index.php\/wp-json\/wp\/v2\/media?parent=9911"}],"wp:term":[{"taxonomy":"category","embeddable":true,"href":"https:\/\/panoramatv.com.do\/index.php\/wp-json\/wp\/v2\/categories?post=9911"},{"taxonomy":"post_tag","embeddable":true,"href":"https:\/\/panoramatv.com.do\/index.php\/wp-json\/wp\/v2\/tags?post=9911"}],"curies":[{"name":"wp","href":"https:\/\/api.w.org\/{rel}","templated":true}]}}