{"id":9907,"date":"2023-08-23T18:49:09","date_gmt":"2023-08-23T22:49:09","guid":{"rendered":"https:\/\/panoramatv.com.do\/?p=9907"},"modified":"2023-08-23T18:49:53","modified_gmt":"2023-08-23T22:49:53","slug":"prodominicana-busca-captar-negocios-con-el-sector-de-supermercados-en-nsa-trade-show-ee-uu","status":"publish","type":"post","link":"https:\/\/panoramatv.com.do\/index.php\/2023\/08\/23\/prodominicana-busca-captar-negocios-con-el-sector-de-supermercados-en-nsa-trade-show-ee-uu\/","title":{"rendered":"ProDominicana busca captar negocios con el sector de supermercados en NSA Trade Show EE.UU"},"content":{"rendered":"\n<p>Nueva York. El Centro de Exportaci\u00f3n e Inversi\u00f3n de la Rep\u00fablica Dominicana (ProDominicana) organiz\u00f3 la participaci\u00f3n de la oferta exportable de empresas dominicanas para el Trade Show 2023 de la Asociaci\u00f3n Nacional de Supermercados de Estados Unidos (NSA).<\/p>\n\n\n\n<p>El evento, que se realizar\u00e1 del 21 al 23 de agosto en Nueva York, se vislumbra como la oportunidad para que los exportadores dominicanos establezcan relaciones comerciales en el sector de supermercados independientes de USA.<\/p>\n\n\n\n<p>En ese sentido, la directora ejecutiva de ProDominicana, Biviana Riveiro Disla, indic\u00f3 que las empresas participantes aprovechar\u00e1n las oportunidades de negocios que surjan de esta feria, que contar\u00e1 con la participaci\u00f3n de m\u00e1s de 75 empresas grandes de distribuci\u00f3n, como Walmart, y los m\u00e1s de mil compradores de todos los supermercados de Estados Unidos, que son parte del NSA.<\/p>\n\n\n\n<p>Adem\u00e1s, indic\u00f3 que durante la feria los participantes tendr\u00e1n un espacio para charlas y conferencias con el prop\u00f3sito de que adquieran nuevos conocimientos sobre este sector. Riveiro reiter\u00f3 que la idea es promover los productos dominicanos dentro de los supermercados con alta presencia de latinos en Estados Unidos como: Nueva York, New Jersey, Pensilvania, Connecticut, Rhode Island, Boston y Florida.<\/p>\n\n\n\n<p>\u201cTenemos una agenda de reuniones dentro de la feria de supermercados. Con estos recorridos aprovecharemos para entender c\u00f3mo hacer negocios con estos supermercados y qu\u00e9 est\u00e1n demandando en t\u00e9rminos de productos. Tambi\u00e9n ofreceremos una degustaci\u00f3n de los productos dominicanos a compradores, con el fin de facilitar la entrada de estos productos a los supermercados estadounidenses\u201d, detall\u00f3 Riveiro.<\/p>\n\n\n\n<p>Cabe destacar que, en el per\u00edodo enero-julio 2023, Rep\u00fablica Dominicana ha exportado un total de US$3,782.7 millones hacia Estados Unidos, equivalente a un crecimiento interanual de 1.3% en comparaci\u00f3n con el mismo per\u00edodo del 2022 y un aumento en 29% con relaci\u00f3n a este per\u00edodo del a\u00f1o prepandemia 2019. Es importante resaltar, que este valor se posiciona como un r\u00e9cord hist\u00f3rico en las ventas de productos dominicanos hacia este mercado durante los primeros siete meses del a\u00f1o.<\/p>\n\n\n\n<figure class=\"wp-block-gallery has-nested-images columns-default is-cropped wp-block-gallery-1 is-layout-flex wp-block-gallery-is-layout-flex\">\n<figure class=\"wp-block-image size-large\"><img decoding=\"async\" data-id=\"9908\" src=\"https:\/\/images.panoramatv.com.do\/wp-content\/uploads\/2023\/08\/7357d145-4452-4b32-b53c-273071d0e058-1024x771.jpg\" alt=\"\" class=\"wp-image-9908\"\/><\/figure>\n\n\n\n<figure class=\"wp-block-image size-large\"><img decoding=\"async\" data-id=\"9909\" src=\"https:\/\/images.panoramatv.com.do\/wp-content\/uploads\/2023\/08\/0402f8d1-4d38-4b3a-aa13-1e0658793ac4-1024x768.jpg\" alt=\"\" class=\"wp-image-9909\"\/><\/figure>\n<\/figure>\n","protected":false},"excerpt":{"rendered":"<p>Nueva York. El Centro de Exportaci\u00f3n e Inversi\u00f3n de la Rep\u00fablica Dominicana (ProDominicana) organiz\u00f3 la participaci\u00f3n de la oferta exportable de empresas dominicanas para el Trade Show 2023 de la Asociaci\u00f3n Nacional de Supermercados de Estados Unidos (NSA). El evento, que se realizar\u00e1 del 21 al 23 de agosto en Nueva York, se vislumbra como [&hellip;]<\/p>\n","protected":false},"author":1,"featured_media":9909,"comment_status":"open","ping_status":"open","sticky":false,"template":"","format":"standard","meta":{"_jetpack_memberships_contains_paid_content":false,"footnotes":"","jetpack_publicize_message":"","jetpack_publicize_feature_enabled":true,"jetpack_social_post_already_shared":true,"jetpack_social_options":{"image_generator_settings":{"template":"highway","enabled":false}}},"categories":[10],"tags":[388],"class_list":["post-9907","post","type-post","status-publish","format-standard","has-post-thumbnail","hentry","category-panorama-social","tag-prodominicana"],"jetpack_publicize_connections":[],"jetpack_sharing_enabled":true,"jetpack_featured_media_url":"https:\/\/panoramatv.com.do\/wp-content\/uploads\/2023\/08\/0402f8d1-4d38-4b3a-aa13-1e0658793ac4-1024x768.jpg","jetpack_likes_enabled":true,"jetpack-related-posts":[],"_links":{"self":[{"href":"https:\/\/panoramatv.com.do\/index.php\/wp-json\/wp\/v2\/posts\/9907","targetHints":{"allow":["GET"]}}],"collection":[{"href":"https:\/\/panoramatv.com.do\/index.php\/wp-json\/wp\/v2\/posts"}],"about":[{"href":"https:\/\/panoramatv.com.do\/index.php\/wp-json\/wp\/v2\/types\/post"}],"author":[{"embeddable":true,"href":"https:\/\/panoramatv.com.do\/index.php\/wp-json\/wp\/v2\/users\/1"}],"replies":[{"embeddable":true,"href":"https:\/\/panoramatv.com.do\/index.php\/wp-json\/wp\/v2\/comments?post=9907"}],"version-history":[{"count":0,"href":"https:\/\/panoramatv.com.do\/index.php\/wp-json\/wp\/v2\/posts\/9907\/revisions"}],"wp:featuredmedia":[{"embeddable":true,"href":"https:\/\/panoramatv.com.do\/index.php\/wp-json\/wp\/v2\/media\/9909"}],"wp:attachment":[{"href":"https:\/\/panoramatv.com.do\/index.php\/wp-json\/wp\/v2\/media?parent=9907"}],"wp:term":[{"taxonomy":"category","embeddable":true,"href":"https:\/\/panoramatv.com.do\/index.php\/wp-json\/wp\/v2\/categories?post=9907"},{"taxonomy":"post_tag","embeddable":true,"href":"https:\/\/panoramatv.com.do\/index.php\/wp-json\/wp\/v2\/tags?post=9907"}],"curies":[{"name":"wp","href":"https:\/\/api.w.org\/{rel}","templated":true}]}}