{"id":9902,"date":"2023-08-23T18:34:56","date_gmt":"2023-08-23T22:34:56","guid":{"rendered":"https:\/\/panoramatv.com.do\/?p=9902"},"modified":"2023-08-23T18:47:54","modified_gmt":"2023-08-23T22:47:54","slug":"tormenta-franklin-deja-37-vuelos-cancelados-en-aeropuertos-dominicanos","status":"publish","type":"post","link":"https:\/\/panoramatv.com.do\/index.php\/2023\/08\/23\/tormenta-franklin-deja-37-vuelos-cancelados-en-aeropuertos-dominicanos\/","title":{"rendered":"Tormenta Franklin deja 37 vuelos cancelados en aeropuertos dominicanos"},"content":{"rendered":"\n<p>Un total de 37&nbsp;<strong>vuelos<\/strong>&nbsp;han resultado&nbsp;<strong>afectados<\/strong>&nbsp;por el paso de la&nbsp;<strong>tormenta<\/strong>&nbsp;tropical Franklin por territorio nacional, seg\u00fan inform\u00f3&nbsp;<strong>Aeropuertos Dominicanos<\/strong>&nbsp;Siglo XXI (Aerodom), que agreg\u00f3 que los seis&nbsp;<strong>aeropuertos<\/strong>&nbsp;a su cargo operan \u00abcon normalidad y sin mayor novedad\u00bb, tras reanudar sus&nbsp;<strong>operaciones<\/strong>&nbsp;en la ma\u00f1ana de hoy luego de la suspensi\u00f3n&nbsp;desde las 12:00 de la noche de este martes como precauci\u00f3n por la&nbsp;<strong>tormenta<\/strong>.&nbsp;<\/p>\n\n\n\n<p>El Aeropuerto Internacional Las Am\u00e9ricas, Jos\u00e9 Francisco Pe\u00f1a G\u00f3mez (AILA) y el Aeropuerto Internacional de La Isabela Dr. Joaqu\u00edn Balaguer (AILI) abrieron sus&nbsp;<strong>operaciones<\/strong>&nbsp;a las 6:00 de la ma\u00f1ana, mientras que los Aeropuertos Internacionales Gregorio Luper\u00f3n (AIGL) en Puerto Plata y Presidente Juan Bosch (AISA) en Saman\u00e1&nbsp;<strong>reanudaron<\/strong>&nbsp;sus&nbsp;<strong>operaciones<\/strong>&nbsp;desde las 8:00 de la ma\u00f1ana.<\/p>\n\n\n\n<figure class=\"wp-block-gallery has-nested-images columns-default is-cropped wp-block-gallery-1 is-layout-flex wp-block-gallery-is-layout-flex\">\n<figure class=\"wp-block-image size-large\"><img decoding=\"async\" data-id=\"9903\" src=\"https:\/\/images.panoramatv.com.do\/wp-content\/uploads\/2023\/08\/aeropuerto-internacional-las-americas-748cae5c-focus-0-0-896-504-896x504.jpg\" alt=\"\" class=\"wp-image-9903\"\/><\/figure>\n\n\n\n<figure class=\"wp-block-image size-large\"><img decoding=\"async\" data-id=\"9904\" src=\"https:\/\/images.panoramatv.com.do\/wp-content\/uploads\/2023\/08\/Screenshot_1-2-679x752.jpg\" alt=\"\" class=\"wp-image-9904\"\/><\/figure>\n<\/figure>\n","protected":false},"excerpt":{"rendered":"<p>Un total de 37&nbsp;vuelos&nbsp;han resultado&nbsp;afectados&nbsp;por el paso de la&nbsp;tormenta&nbsp;tropical Franklin por territorio nacional, seg\u00fan inform\u00f3&nbsp;Aeropuertos Dominicanos&nbsp;Siglo XXI (Aerodom), que agreg\u00f3 que los seis&nbsp;aeropuertos&nbsp;a su cargo operan \u00abcon normalidad y sin mayor novedad\u00bb, tras reanudar sus&nbsp;operaciones&nbsp;en la ma\u00f1ana de hoy luego de la suspensi\u00f3n&nbsp;desde las 12:00 de la noche de este martes como precauci\u00f3n por la&nbsp;tormenta.&nbsp; [&hellip;]<\/p>\n","protected":false},"author":1,"featured_media":9905,"comment_status":"open","ping_status":"open","sticky":false,"template":"","format":"standard","meta":{"_jetpack_memberships_contains_paid_content":false,"footnotes":"","jetpack_publicize_message":"","jetpack_publicize_feature_enabled":true,"jetpack_social_post_already_shared":true,"jetpack_social_options":{"image_generator_settings":{"template":"highway","enabled":false}}},"categories":[1],"tags":[2008],"class_list":["post-9902","post","type-post","status-publish","format-standard","has-post-thumbnail","hentry","category-actualidad","tag-tormenta-franklin"],"jetpack_publicize_connections":[],"jetpack_sharing_enabled":true,"jetpack_featured_media_url":"https:\/\/panoramatv.com.do\/wp-content\/uploads\/2023\/08\/aeropuertoaila1-839x466.jpg","jetpack_likes_enabled":true,"jetpack-related-posts":[],"_links":{"self":[{"href":"https:\/\/panoramatv.com.do\/index.php\/wp-json\/wp\/v2\/posts\/9902","targetHints":{"allow":["GET"]}}],"collection":[{"href":"https:\/\/panoramatv.com.do\/index.php\/wp-json\/wp\/v2\/posts"}],"about":[{"href":"https:\/\/panoramatv.com.do\/index.php\/wp-json\/wp\/v2\/types\/post"}],"author":[{"embeddable":true,"href":"https:\/\/panoramatv.com.do\/index.php\/wp-json\/wp\/v2\/users\/1"}],"replies":[{"embeddable":true,"href":"https:\/\/panoramatv.com.do\/index.php\/wp-json\/wp\/v2\/comments?post=9902"}],"version-history":[{"count":0,"href":"https:\/\/panoramatv.com.do\/index.php\/wp-json\/wp\/v2\/posts\/9902\/revisions"}],"wp:featuredmedia":[{"embeddable":true,"href":"https:\/\/panoramatv.com.do\/index.php\/wp-json\/wp\/v2\/media\/9905"}],"wp:attachment":[{"href":"https:\/\/panoramatv.com.do\/index.php\/wp-json\/wp\/v2\/media?parent=9902"}],"wp:term":[{"taxonomy":"category","embeddable":true,"href":"https:\/\/panoramatv.com.do\/index.php\/wp-json\/wp\/v2\/categories?post=9902"},{"taxonomy":"post_tag","embeddable":true,"href":"https:\/\/panoramatv.com.do\/index.php\/wp-json\/wp\/v2\/tags?post=9902"}],"curies":[{"name":"wp","href":"https:\/\/api.w.org\/{rel}","templated":true}]}}