{"id":9896,"date":"2023-08-23T18:30:20","date_gmt":"2023-08-23T22:30:20","guid":{"rendered":"https:\/\/panoramatv.com.do\/?p=9896"},"modified":"2023-08-23T18:32:40","modified_gmt":"2023-08-23T22:32:40","slug":"tormenta-franklin-salud-publica-emite-alerta-epidemiologica-por-riesgo-de-enfermedades","status":"publish","type":"post","link":"https:\/\/panoramatv.com.do\/index.php\/2023\/08\/23\/tormenta-franklin-salud-publica-emite-alerta-epidemiologica-por-riesgo-de-enfermedades\/","title":{"rendered":"Tormenta Franklin | Salud P\u00fablica emite alerta epidemiol\u00f3gica por riesgo de enfermedades"},"content":{"rendered":"\n<p>El Ministerio de&nbsp;<strong>Salud P\u00fablica<\/strong>&nbsp;a trav\u00e9s del Viceministerio de Salud Colectiva emiti\u00f3 una&nbsp;<strong>alerta epidemiol\u00f3gica<\/strong>&nbsp;en el pa\u00eds ante el riesgo de aumento de enfermedades en las poblaciones afectadas por las lluvias provocadas por la tormenta tropical Franklin.<\/p>\n\n\n\n<p>El organismo indic\u00f3 que la finalidad de esta medida es&nbsp;<strong>asegurar la atenci\u00f3n de la poblaci\u00f3n afectada<\/strong>&nbsp;a nivel local y la desplazada en casas de familiares, amistades y centros colectivos; fortalecer el sistema de vigilancia de enfermedades de notificaci\u00f3n obligatoria (ENO) relacionada a estos eventos y establecer medidas de respuesta y control ante&nbsp;<strong>brotes de enfermedades.<\/strong><\/p>\n\n\n\n<p>El organismo record\u00f3 que, durante la temporada de lluvias, la&nbsp;<strong>exposici\u00f3n al agua de inundaci\u00f3n contaminada&nbsp;<\/strong>puede ocasionar enfermedades como,&nbsp;<strong>infecciones de heridas, infecci\u00f3n en la piel, c\u00f3lera y leptospirosis.<\/strong><\/p>\n\n\n\n<figure class=\"wp-block-gallery has-nested-images columns-default is-cropped wp-block-gallery-1 is-layout-flex wp-block-gallery-is-layout-flex\">\n<figure class=\"wp-block-image size-large\"><img decoding=\"async\" data-id=\"9898\" src=\"https:\/\/images.panoramatv.com.do\/wp-content\/uploads\/2023\/08\/lluvias-en-Dominicana31-1-22-600x360.jpg\" alt=\"\" class=\"wp-image-9898\"\/><\/figure>\n\n\n\n<figure class=\"wp-block-image size-large\"><img decoding=\"async\" data-id=\"9897\" src=\"https:\/\/images.panoramatv.com.do\/wp-content\/uploads\/2023\/08\/Vaguada-producira-lluvias-RD-940x520.jpg\" alt=\"\" class=\"wp-image-9897\"\/><\/figure>\n<\/figure>\n","protected":false},"excerpt":{"rendered":"<p>El Ministerio de&nbsp;Salud P\u00fablica&nbsp;a trav\u00e9s del Viceministerio de Salud Colectiva emiti\u00f3 una&nbsp;alerta epidemiol\u00f3gica&nbsp;en el pa\u00eds ante el riesgo de aumento de enfermedades en las poblaciones afectadas por las lluvias provocadas por la tormenta tropical Franklin. El organismo indic\u00f3 que la finalidad de esta medida es&nbsp;asegurar la atenci\u00f3n de la poblaci\u00f3n afectada&nbsp;a nivel local y la [&hellip;]<\/p>\n","protected":false},"author":1,"featured_media":9897,"comment_status":"open","ping_status":"open","sticky":false,"template":"","format":"standard","meta":{"_jetpack_memberships_contains_paid_content":false,"footnotes":"","jetpack_publicize_message":"","jetpack_publicize_feature_enabled":true,"jetpack_social_post_already_shared":true,"jetpack_social_options":{"image_generator_settings":{"template":"highway","enabled":false}}},"categories":[8],"tags":[2008],"class_list":["post-9896","post","type-post","status-publish","format-standard","has-post-thumbnail","hentry","category-panorama-de-salud","tag-tormenta-franklin"],"jetpack_publicize_connections":[],"jetpack_sharing_enabled":true,"jetpack_featured_media_url":"https:\/\/panoramatv.com.do\/wp-content\/uploads\/2023\/08\/Vaguada-producira-lluvias-RD-940x520.jpg","jetpack_likes_enabled":true,"jetpack-related-posts":[],"_links":{"self":[{"href":"https:\/\/panoramatv.com.do\/index.php\/wp-json\/wp\/v2\/posts\/9896","targetHints":{"allow":["GET"]}}],"collection":[{"href":"https:\/\/panoramatv.com.do\/index.php\/wp-json\/wp\/v2\/posts"}],"about":[{"href":"https:\/\/panoramatv.com.do\/index.php\/wp-json\/wp\/v2\/types\/post"}],"author":[{"embeddable":true,"href":"https:\/\/panoramatv.com.do\/index.php\/wp-json\/wp\/v2\/users\/1"}],"replies":[{"embeddable":true,"href":"https:\/\/panoramatv.com.do\/index.php\/wp-json\/wp\/v2\/comments?post=9896"}],"version-history":[{"count":0,"href":"https:\/\/panoramatv.com.do\/index.php\/wp-json\/wp\/v2\/posts\/9896\/revisions"}],"wp:featuredmedia":[{"embeddable":true,"href":"https:\/\/panoramatv.com.do\/index.php\/wp-json\/wp\/v2\/media\/9897"}],"wp:attachment":[{"href":"https:\/\/panoramatv.com.do\/index.php\/wp-json\/wp\/v2\/media?parent=9896"}],"wp:term":[{"taxonomy":"category","embeddable":true,"href":"https:\/\/panoramatv.com.do\/index.php\/wp-json\/wp\/v2\/categories?post=9896"},{"taxonomy":"post_tag","embeddable":true,"href":"https:\/\/panoramatv.com.do\/index.php\/wp-json\/wp\/v2\/tags?post=9896"}],"curies":[{"name":"wp","href":"https:\/\/api.w.org\/{rel}","templated":true}]}}