{"id":9892,"date":"2023-08-23T16:33:27","date_gmt":"2023-08-23T20:33:27","guid":{"rendered":"https:\/\/panoramatv.com.do\/?p=9892"},"modified":"2023-08-23T16:34:59","modified_gmt":"2023-08-23T20:34:59","slug":"mas-de-un-millon-de-personas-sin-energia-electrica","status":"publish","type":"post","link":"https:\/\/panoramatv.com.do\/index.php\/2023\/08\/23\/mas-de-un-millon-de-personas-sin-energia-electrica\/","title":{"rendered":"M\u00e1s de un mill\u00f3n de personas sin energ\u00eda el\u00e9ctrica"},"content":{"rendered":"\n<p>El director del Centro de Operaciones de Emergencias (<strong>COE<\/strong>), Juan Manuel M\u00e9ndez, report\u00f3 este mi\u00e9rcoles que&nbsp;<strong>26 circuitos el\u00e9ctricos<\/strong>&nbsp;fueron suspendidos de manera preventiva ante el paso de la&nbsp;<strong>tormenta Franklin<\/strong>&nbsp;por el pa\u00eds.<\/p>\n\n\n\n<p>Como consecuencia,&nbsp;<strong>1,318,853 personas han quedado sin el servicio de energ\u00eda el\u00e9ctrica<\/strong>&nbsp;en todo el pa\u00eds. La medida fue tomada en conjunto por el&nbsp;<strong>COE<\/strong>&nbsp;y Edesur para prevenir da\u00f1os mayores ante los vientos y lluvias que trae el fen\u00f3meno atmosf\u00e9rico.<\/p>\n\n\n\n<figure class=\"wp-block-gallery has-nested-images columns-default is-cropped wp-block-gallery-1 is-layout-flex wp-block-gallery-is-layout-flex\">\n<figure class=\"wp-block-image size-large\"><img decoding=\"async\" data-id=\"9893\" src=\"https:\/\/images.panoramatv.com.do\/wp-content\/uploads\/2023\/08\/PAlo-645x460.jpg\" alt=\"\" class=\"wp-image-9893\"\/><\/figure>\n\n\n\n<figure class=\"wp-block-image size-large\"><img decoding=\"async\" data-id=\"9894\" src=\"https:\/\/images.panoramatv.com.do\/wp-content\/uploads\/2023\/08\/DSC_0304-768x514-1-768x514.jpg\" alt=\"\" class=\"wp-image-9894\"\/><\/figure>\n<\/figure>\n","protected":false},"excerpt":{"rendered":"<p>El director del Centro de Operaciones de Emergencias (COE), Juan Manuel M\u00e9ndez, report\u00f3 este mi\u00e9rcoles que&nbsp;26 circuitos el\u00e9ctricos&nbsp;fueron suspendidos de manera preventiva ante el paso de la&nbsp;tormenta Franklin&nbsp;por el pa\u00eds. Como consecuencia,&nbsp;1,318,853 personas han quedado sin el servicio de energ\u00eda el\u00e9ctrica&nbsp;en todo el pa\u00eds. La medida fue tomada en conjunto por el&nbsp;COE&nbsp;y Edesur para prevenir [&hellip;]<\/p>\n","protected":false},"author":1,"featured_media":9894,"comment_status":"open","ping_status":"open","sticky":false,"template":"","format":"standard","meta":{"_jetpack_memberships_contains_paid_content":false,"footnotes":"","jetpack_publicize_message":"","jetpack_publicize_feature_enabled":true,"jetpack_social_post_already_shared":true,"jetpack_social_options":{"image_generator_settings":{"template":"highway","enabled":false}}},"categories":[1],"tags":[2008],"class_list":["post-9892","post","type-post","status-publish","format-standard","has-post-thumbnail","hentry","category-actualidad","tag-tormenta-franklin"],"jetpack_publicize_connections":[],"jetpack_sharing_enabled":true,"jetpack_featured_media_url":"https:\/\/panoramatv.com.do\/wp-content\/uploads\/2023\/08\/DSC_0304-768x514-1-768x514.jpg","jetpack_likes_enabled":true,"jetpack-related-posts":[],"_links":{"self":[{"href":"https:\/\/panoramatv.com.do\/index.php\/wp-json\/wp\/v2\/posts\/9892","targetHints":{"allow":["GET"]}}],"collection":[{"href":"https:\/\/panoramatv.com.do\/index.php\/wp-json\/wp\/v2\/posts"}],"about":[{"href":"https:\/\/panoramatv.com.do\/index.php\/wp-json\/wp\/v2\/types\/post"}],"author":[{"embeddable":true,"href":"https:\/\/panoramatv.com.do\/index.php\/wp-json\/wp\/v2\/users\/1"}],"replies":[{"embeddable":true,"href":"https:\/\/panoramatv.com.do\/index.php\/wp-json\/wp\/v2\/comments?post=9892"}],"version-history":[{"count":0,"href":"https:\/\/panoramatv.com.do\/index.php\/wp-json\/wp\/v2\/posts\/9892\/revisions"}],"wp:featuredmedia":[{"embeddable":true,"href":"https:\/\/panoramatv.com.do\/index.php\/wp-json\/wp\/v2\/media\/9894"}],"wp:attachment":[{"href":"https:\/\/panoramatv.com.do\/index.php\/wp-json\/wp\/v2\/media?parent=9892"}],"wp:term":[{"taxonomy":"category","embeddable":true,"href":"https:\/\/panoramatv.com.do\/index.php\/wp-json\/wp\/v2\/categories?post=9892"},{"taxonomy":"post_tag","embeddable":true,"href":"https:\/\/panoramatv.com.do\/index.php\/wp-json\/wp\/v2\/tags?post=9892"}],"curies":[{"name":"wp","href":"https:\/\/api.w.org\/{rel}","templated":true}]}}