{"id":9887,"date":"2023-08-23T16:27:54","date_gmt":"2023-08-23T20:27:54","guid":{"rendered":"https:\/\/panoramatv.com.do\/?p=9887"},"modified":"2023-08-23T16:29:34","modified_gmt":"2023-08-23T20:29:34","slug":"intrant-dispone-gruas-de-parqueate-bien-al-servicio-de-la-ciudadania-en-10-puntos-de-santo-domingo","status":"publish","type":"post","link":"https:\/\/panoramatv.com.do\/index.php\/2023\/08\/23\/intrant-dispone-gruas-de-parqueate-bien-al-servicio-de-la-ciudadania-en-10-puntos-de-santo-domingo\/","title":{"rendered":"Intrant dispone gr\u00faas de Parqu\u00e9ate Bien al servicio de la ciudadan\u00eda en 10 puntos de Santo Domingo"},"content":{"rendered":"\n<p>El director ejecutivo del Instituto Nacional de Tr\u00e1nsito y Transporte Terrestre (Intrant), Hugo Beras, dispuso hoy las gr\u00faas del programa Parqu\u00e9ate Bien al servicio de la ciudadan\u00eda, ante las dificultades que puedan presentar sus veh\u00edculos producto de las lluvias pronosticadas por la tormenta Franklin.<\/p>\n\n\n\n<p>En ese sentido, el titular del Intrant manifest\u00f3 que el servicio estar\u00e1 disponible en diez puntos estrat\u00e9gicos de Santo Domingo, evaluados previamente por la direcci\u00f3n de Movilidad Sostenible de esa instituci\u00f3n, para dar asistencia ante las posibles dificultades que puedan tener los conductores en esa demarcaci\u00f3n.<\/p>\n\n\n\n<p>Las ubicaciones donde estar\u00e1n disponible las gr\u00faas son el puente Juan Bosch, Ave. 27 de Febrero con M\u00e1ximo G\u00f3mez y con Tiradentes, Ave. Padre Castellanos con Josefa Brea, Ave. John F. Kennedy con M\u00e1ximo G\u00f3mez, John F. Kennedy con Tiradentes y con N\u00fa\u00f1ez de C\u00e1ceres, Ave. Jacobo Majluta con Rep\u00fablica de Colombia, M\u00e1ximo G\u00f3mez con George Washington y el Puente Flotante.<\/p>\n\n\n\n<p>El director del Intrant reiter\u00f3 adem\u00e1s a los ciudadanos conducir con precauci\u00f3n ante las condiciones del tiempo y tomar en cuenta acciones de seguridad vial como el buen estado de los parabrisas, luces, frenos y neum\u00e1ticos y cuidar la velocidad dado los deslizamientos que pueden producirse por el pavimento mojado.<\/p>\n\n\n\n<figure class=\"wp-block-gallery has-nested-images columns-default is-cropped wp-block-gallery-1 is-layout-flex wp-block-gallery-is-layout-flex\">\n<figure class=\"wp-block-image size-large\"><img decoding=\"async\" data-id=\"9888\" src=\"https:\/\/images.panoramatv.com.do\/wp-content\/uploads\/2023\/08\/0-29-1024x682.jpg\" alt=\"\" class=\"wp-image-9888\"\/><\/figure>\n\n\n\n<figure class=\"wp-block-image size-large\"><img decoding=\"async\" data-id=\"9889\" src=\"https:\/\/images.panoramatv.com.do\/wp-content\/uploads\/2023\/08\/41-1024x682.jpg\" alt=\"\" class=\"wp-image-9889\"\/><\/figure>\n<\/figure>\n","protected":false},"excerpt":{"rendered":"<p>El director ejecutivo del Instituto Nacional de Tr\u00e1nsito y Transporte Terrestre (Intrant), Hugo Beras, dispuso hoy las gr\u00faas del programa Parqu\u00e9ate Bien al servicio de la ciudadan\u00eda, ante las dificultades que puedan presentar sus veh\u00edculos producto de las lluvias pronosticadas por la tormenta Franklin. En ese sentido, el titular del Intrant manifest\u00f3 que el servicio [&hellip;]<\/p>\n","protected":false},"author":1,"featured_media":9889,"comment_status":"open","ping_status":"open","sticky":false,"template":"","format":"standard","meta":{"_jetpack_memberships_contains_paid_content":false,"footnotes":"","jetpack_publicize_message":"","jetpack_publicize_feature_enabled":true,"jetpack_social_post_already_shared":true,"jetpack_social_options":{"image_generator_settings":{"template":"highway","enabled":false}}},"categories":[1],"tags":[2008],"class_list":["post-9887","post","type-post","status-publish","format-standard","has-post-thumbnail","hentry","category-actualidad","tag-tormenta-franklin"],"jetpack_publicize_connections":[],"jetpack_sharing_enabled":true,"jetpack_featured_media_url":"https:\/\/panoramatv.com.do\/wp-content\/uploads\/2023\/08\/41-1280x853.jpg","jetpack_likes_enabled":true,"jetpack-related-posts":[],"_links":{"self":[{"href":"https:\/\/panoramatv.com.do\/index.php\/wp-json\/wp\/v2\/posts\/9887","targetHints":{"allow":["GET"]}}],"collection":[{"href":"https:\/\/panoramatv.com.do\/index.php\/wp-json\/wp\/v2\/posts"}],"about":[{"href":"https:\/\/panoramatv.com.do\/index.php\/wp-json\/wp\/v2\/types\/post"}],"author":[{"embeddable":true,"href":"https:\/\/panoramatv.com.do\/index.php\/wp-json\/wp\/v2\/users\/1"}],"replies":[{"embeddable":true,"href":"https:\/\/panoramatv.com.do\/index.php\/wp-json\/wp\/v2\/comments?post=9887"}],"version-history":[{"count":0,"href":"https:\/\/panoramatv.com.do\/index.php\/wp-json\/wp\/v2\/posts\/9887\/revisions"}],"wp:featuredmedia":[{"embeddable":true,"href":"https:\/\/panoramatv.com.do\/index.php\/wp-json\/wp\/v2\/media\/9889"}],"wp:attachment":[{"href":"https:\/\/panoramatv.com.do\/index.php\/wp-json\/wp\/v2\/media?parent=9887"}],"wp:term":[{"taxonomy":"category","embeddable":true,"href":"https:\/\/panoramatv.com.do\/index.php\/wp-json\/wp\/v2\/categories?post=9887"},{"taxonomy":"post_tag","embeddable":true,"href":"https:\/\/panoramatv.com.do\/index.php\/wp-json\/wp\/v2\/tags?post=9887"}],"curies":[{"name":"wp","href":"https:\/\/api.w.org\/{rel}","templated":true}]}}