{"id":9879,"date":"2023-08-23T16:14:15","date_gmt":"2023-08-23T20:14:15","guid":{"rendered":"https:\/\/panoramatv.com.do\/?p=9879"},"modified":"2023-08-23T16:18:42","modified_gmt":"2023-08-23T20:18:42","slug":"medio-ambiente-sigue-su-plan-de-contingencia-ante-el-paso-de-la-tormenta-tropical-franklin","status":"publish","type":"post","link":"https:\/\/panoramatv.com.do\/index.php\/2023\/08\/23\/medio-ambiente-sigue-su-plan-de-contingencia-ante-el-paso-de-la-tormenta-tropical-franklin\/","title":{"rendered":"Medio Ambiente sigue su plan de contingencia ante el paso de la tormenta tropical Franklin"},"content":{"rendered":"\n<p><strong>SANTO DOMINGO (Rep\u00fablica Dominicana).-<\/strong>&nbsp;El Ministerio de Medio Ambiente y Recursos Naturales sigue desde el martes los protocolos establecidos en el plan de contingencia de su Comit\u00e9 de Emergencias, ante los aguaceros provocados en toda la geograf\u00eda nacional por el paso de la tormenta tropical Franklin.<\/p>\n\n\n\n<p>El Comit\u00e9 de Emergencias se mantiene desde el martes en sesi\u00f3n permanente, en coordinaci\u00f3n con los responsables de las direcciones provinciales y municipales de Medio Ambiente y en coordinaci\u00f3n permanente con el Centro de Operaciones de Emergencias (COE).<\/p>\n\n\n\n<p>El ministerio utiliza sus redes sociales para replicar los comunicados del COE y la Oficina Nacional de Meteorolog\u00eda (Onamet), orientando a la poblaci\u00f3n sobre las medidas preventivas que se deben de tomar antes, durante y despu\u00e9s del evento atmosf\u00e9rico.<\/p>\n\n\n\n<p>Adem\u00e1s, dispuso el cierre de todas las \u00e1reas protegidas del pa\u00eds a visitantes y turistas, activando el protocolo de evacuaci\u00f3n y vigilancia para prohibir la recreaci\u00f3n y reducir los riesgos desde la v\u00edspera del fen\u00f3meno y durante su paso.&nbsp;<\/p>\n\n\n\n<p>Los Departamentos Provinciales y Municipales del Ministerio est\u00e1n atentos a las convocatorias del Comit\u00e9 de Prevenci\u00f3n, Mitigaci\u00f3n y Respuesta y participan en las acciones que desarrollan las autoridades locales para la limpieza de arroyos y ca\u00f1adas y la poda de \u00e1rboles que representan peligro.<\/p>\n\n\n\n<figure class=\"wp-block-gallery has-nested-images columns-default is-cropped wp-block-gallery-1 is-layout-flex wp-block-gallery-is-layout-flex\">\n<figure class=\"wp-block-image size-large\"><img decoding=\"async\" data-id=\"9880\" src=\"https:\/\/images.panoramatv.com.do\/wp-content\/uploads\/2023\/08\/1-19-1024x683.jpg\" alt=\"\" class=\"wp-image-9880\"\/><\/figure>\n\n\n\n<figure class=\"wp-block-image size-large\"><img decoding=\"async\" data-id=\"9881\" src=\"https:\/\/images.panoramatv.com.do\/wp-content\/uploads\/2023\/08\/0-27-1024x768.jpg\" alt=\"\" class=\"wp-image-9881\"\/><\/figure>\n<\/figure>\n\n\n\n<p><\/p>\n","protected":false},"excerpt":{"rendered":"<p>SANTO DOMINGO (Rep\u00fablica Dominicana).-&nbsp;El Ministerio de Medio Ambiente y Recursos Naturales sigue desde el martes los protocolos establecidos en el plan de contingencia de su Comit\u00e9 de Emergencias, ante los aguaceros provocados en toda la geograf\u00eda nacional por el paso de la tormenta tropical Franklin. El Comit\u00e9 de Emergencias se mantiene desde el martes en [&hellip;]<\/p>\n","protected":false},"author":1,"featured_media":9881,"comment_status":"open","ping_status":"open","sticky":false,"template":"","format":"standard","meta":{"_jetpack_memberships_contains_paid_content":false,"footnotes":"","jetpack_publicize_message":"","jetpack_publicize_feature_enabled":true,"jetpack_social_post_already_shared":true,"jetpack_social_options":{"image_generator_settings":{"template":"highway","enabled":false}}},"categories":[1],"tags":[2008],"class_list":["post-9879","post","type-post","status-publish","format-standard","has-post-thumbnail","hentry","category-actualidad","tag-tormenta-franklin"],"jetpack_publicize_connections":[],"jetpack_sharing_enabled":true,"jetpack_featured_media_url":"https:\/\/panoramatv.com.do\/wp-content\/uploads\/2023\/08\/0-27-1232x924.jpg","jetpack_likes_enabled":true,"jetpack-related-posts":[],"_links":{"self":[{"href":"https:\/\/panoramatv.com.do\/index.php\/wp-json\/wp\/v2\/posts\/9879","targetHints":{"allow":["GET"]}}],"collection":[{"href":"https:\/\/panoramatv.com.do\/index.php\/wp-json\/wp\/v2\/posts"}],"about":[{"href":"https:\/\/panoramatv.com.do\/index.php\/wp-json\/wp\/v2\/types\/post"}],"author":[{"embeddable":true,"href":"https:\/\/panoramatv.com.do\/index.php\/wp-json\/wp\/v2\/users\/1"}],"replies":[{"embeddable":true,"href":"https:\/\/panoramatv.com.do\/index.php\/wp-json\/wp\/v2\/comments?post=9879"}],"version-history":[{"count":0,"href":"https:\/\/panoramatv.com.do\/index.php\/wp-json\/wp\/v2\/posts\/9879\/revisions"}],"wp:featuredmedia":[{"embeddable":true,"href":"https:\/\/panoramatv.com.do\/index.php\/wp-json\/wp\/v2\/media\/9881"}],"wp:attachment":[{"href":"https:\/\/panoramatv.com.do\/index.php\/wp-json\/wp\/v2\/media?parent=9879"}],"wp:term":[{"taxonomy":"category","embeddable":true,"href":"https:\/\/panoramatv.com.do\/index.php\/wp-json\/wp\/v2\/categories?post=9879"},{"taxonomy":"post_tag","embeddable":true,"href":"https:\/\/panoramatv.com.do\/index.php\/wp-json\/wp\/v2\/tags?post=9879"}],"curies":[{"name":"wp","href":"https:\/\/api.w.org\/{rel}","templated":true}]}}