{"id":9869,"date":"2023-08-23T15:55:03","date_gmt":"2023-08-23T19:55:03","guid":{"rendered":"https:\/\/panoramatv.com.do\/?p=9869"},"modified":"2023-08-23T15:56:14","modified_gmt":"2023-08-23T19:56:14","slug":"tormenta-franklin-saldria-del-pais-esta-tarde-por-puerto-plata","status":"publish","type":"post","link":"https:\/\/panoramatv.com.do\/index.php\/2023\/08\/23\/tormenta-franklin-saldria-del-pais-esta-tarde-por-puerto-plata\/","title":{"rendered":"Tormenta Franklin saldr\u00eda del pa\u00eds esta tarde por Puerto Plata"},"content":{"rendered":"\n<p>La Oficina Nacional de&nbsp;<strong>Meteorolog\u00eda<\/strong>&nbsp;(<strong>Onamet<\/strong>) inform\u00f3 que, de continuar con su rumbo actual y su velocidad de desplazamiento, la&nbsp;<strong>tormenta tropical<\/strong>&nbsp;Franklin estar\u00eda saliendo a las aguas del Atl\u00e1ntico norte entre las 4:00 y 5:00 de la tarde de hoy, por la ciudad de&nbsp;<strong>Puerto Plata<\/strong>.<\/p>\n\n\n\n<p>Esta tarde, el meteor\u00f3logo John Morales inform\u00f3 que a las 2:00 de la tarde el centro de la&nbsp;<strong>tormenta tropical<\/strong>&nbsp;Franklin pas\u00f3 a 10 kil\u00f3metros al oeste de Jarabacoa y a 15 kil\u00f3metros al oeste de La Vega rumbo a&nbsp;<strong>Moca<\/strong>.&nbsp;<\/p>\n\n\n\n<p>Un poco m\u00e1s temprano, la&nbsp;<strong>Onamet<\/strong>&nbsp;indic\u00f3 que a la 1:00 de la tarde el centro de Franklin estaba a unos 15 kil\u00f3metros al sur de San Jos\u00e9 de Las Matas, Santiago, y a unos 70 kil\u00f3metros al sur-suroeste de&nbsp;<strong>Puerto Plata<\/strong>. El fen\u00f3meno se mueve hacia el norte a unos 20 kil\u00f3metros por hora.&nbsp;<\/p>\n\n\n<div class=\"wp-block-image\">\n<figure class=\"aligncenter size-full\"><img decoding=\"async\" src=\"https:\/\/images.panoramatv.com.do\/wp-content\/uploads\/2023\/08\/whatsapp-image-2023-08-23-at-113747-am-2c725f40-focus-0-0-896-504-896x504.jpg\" alt=\"\" class=\"wp-image-9870\"\/><\/figure>\n<\/div>","protected":false},"excerpt":{"rendered":"<p>La Oficina Nacional de&nbsp;Meteorolog\u00eda&nbsp;(Onamet) inform\u00f3 que, de continuar con su rumbo actual y su velocidad de desplazamiento, la&nbsp;tormenta tropical&nbsp;Franklin estar\u00eda saliendo a las aguas del Atl\u00e1ntico norte entre las 4:00 y 5:00 de la tarde de hoy, por la ciudad de&nbsp;Puerto Plata. Esta tarde, el meteor\u00f3logo John Morales inform\u00f3 que a las 2:00 de la [&hellip;]<\/p>\n","protected":false},"author":1,"featured_media":9870,"comment_status":"open","ping_status":"open","sticky":false,"template":"","format":"standard","meta":{"_jetpack_memberships_contains_paid_content":false,"footnotes":"","jetpack_publicize_message":"","jetpack_publicize_feature_enabled":true,"jetpack_social_post_already_shared":true,"jetpack_social_options":{"image_generator_settings":{"template":"highway","enabled":false}}},"categories":[1],"tags":[2008],"class_list":["post-9869","post","type-post","status-publish","format-standard","has-post-thumbnail","hentry","category-actualidad","tag-tormenta-franklin"],"jetpack_publicize_connections":[],"jetpack_sharing_enabled":true,"jetpack_featured_media_url":"https:\/\/panoramatv.com.do\/wp-content\/uploads\/2023\/08\/whatsapp-image-2023-08-23-at-113747-am-2c725f40-focus-0-0-896-504-896x504.jpg","jetpack_likes_enabled":true,"jetpack-related-posts":[],"_links":{"self":[{"href":"https:\/\/panoramatv.com.do\/index.php\/wp-json\/wp\/v2\/posts\/9869","targetHints":{"allow":["GET"]}}],"collection":[{"href":"https:\/\/panoramatv.com.do\/index.php\/wp-json\/wp\/v2\/posts"}],"about":[{"href":"https:\/\/panoramatv.com.do\/index.php\/wp-json\/wp\/v2\/types\/post"}],"author":[{"embeddable":true,"href":"https:\/\/panoramatv.com.do\/index.php\/wp-json\/wp\/v2\/users\/1"}],"replies":[{"embeddable":true,"href":"https:\/\/panoramatv.com.do\/index.php\/wp-json\/wp\/v2\/comments?post=9869"}],"version-history":[{"count":0,"href":"https:\/\/panoramatv.com.do\/index.php\/wp-json\/wp\/v2\/posts\/9869\/revisions"}],"wp:featuredmedia":[{"embeddable":true,"href":"https:\/\/panoramatv.com.do\/index.php\/wp-json\/wp\/v2\/media\/9870"}],"wp:attachment":[{"href":"https:\/\/panoramatv.com.do\/index.php\/wp-json\/wp\/v2\/media?parent=9869"}],"wp:term":[{"taxonomy":"category","embeddable":true,"href":"https:\/\/panoramatv.com.do\/index.php\/wp-json\/wp\/v2\/categories?post=9869"},{"taxonomy":"post_tag","embeddable":true,"href":"https:\/\/panoramatv.com.do\/index.php\/wp-json\/wp\/v2\/tags?post=9869"}],"curies":[{"name":"wp","href":"https:\/\/api.w.org\/{rel}","templated":true}]}}