{"id":9865,"date":"2023-08-23T10:43:45","date_gmt":"2023-08-23T14:43:45","guid":{"rendered":"https:\/\/panoramatv.com.do\/?p=9865"},"modified":"2023-08-23T10:44:29","modified_gmt":"2023-08-23T14:44:29","slug":"aguaceros-intensos-por-tormenta-franklin-se-extenderan-en-las-proximas-horas","status":"publish","type":"post","link":"https:\/\/panoramatv.com.do\/index.php\/2023\/08\/23\/aguaceros-intensos-por-tormenta-franklin-se-extenderan-en-las-proximas-horas\/","title":{"rendered":"Aguaceros intensos por tormenta Franklin se extender\u00e1n en las pr\u00f3ximas horas"},"content":{"rendered":"\n<p>La directora general de la Oficina Nacional de Meteorolog\u00eda (Onamet), Gloria Ceballos, inform\u00f3 a las 9:30 de la ma\u00f1ana de este mi\u00e9rcoles que la tormenta tropical Franklin est\u00e1 generando&nbsp;<strong>lluvias intensas<\/strong>&nbsp;hacia el&nbsp;<strong>litoral caribe\u00f1o<\/strong>, que m\u00e1s tarde se extender\u00e1n al centro y&nbsp;<strong>norte<\/strong>&nbsp;del pa\u00eds.<\/p>\n\n\n\n<p>Debido a la&nbsp;<strong>tormenta Franklin<\/strong>, toda la&nbsp;<strong>Rep\u00fablica Dominicana<\/strong>&nbsp;se encuentra cubierta por nubosidad asociada al fen\u00f3meno, actividad que seguir\u00e1 generando&nbsp;<strong>aguaceros<\/strong>&nbsp;moderados a fuertes que pueden tomarse intensos en ocasiones, siendo la principal amenaza para que se originen&nbsp;<strong>inundaciones<\/strong>&nbsp;graduales o repentinas, y&nbsp;<strong>deslizamientos de tierra<\/strong>.<\/p>\n\n\n<div class=\"wp-block-image\">\n<figure class=\"aligncenter size-full\"><img decoding=\"async\" src=\"https:\/\/images.panoramatv.com.do\/wp-content\/uploads\/2023\/08\/untitled-f87e0fe5-focus-0-0-896-504-896x504.jpg\" alt=\"\" class=\"wp-image-9867\"\/><\/figure>\n<\/div>","protected":false},"excerpt":{"rendered":"<p>La directora general de la Oficina Nacional de Meteorolog\u00eda (Onamet), Gloria Ceballos, inform\u00f3 a las 9:30 de la ma\u00f1ana de este mi\u00e9rcoles que la tormenta tropical Franklin est\u00e1 generando&nbsp;lluvias intensas&nbsp;hacia el&nbsp;litoral caribe\u00f1o, que m\u00e1s tarde se extender\u00e1n al centro y&nbsp;norte&nbsp;del pa\u00eds. Debido a la&nbsp;tormenta Franklin, toda la&nbsp;Rep\u00fablica Dominicana&nbsp;se encuentra cubierta por nubosidad asociada al fen\u00f3meno, [&hellip;]<\/p>\n","protected":false},"author":1,"featured_media":9867,"comment_status":"open","ping_status":"open","sticky":false,"template":"","format":"standard","meta":{"_jetpack_memberships_contains_paid_content":false,"footnotes":"","jetpack_publicize_message":"","jetpack_publicize_feature_enabled":true,"jetpack_social_post_already_shared":true,"jetpack_social_options":{"image_generator_settings":{"template":"highway","enabled":false}}},"categories":[1],"tags":[2008],"class_list":["post-9865","post","type-post","status-publish","format-standard","has-post-thumbnail","hentry","category-actualidad","tag-tormenta-franklin"],"jetpack_publicize_connections":[],"jetpack_sharing_enabled":true,"jetpack_featured_media_url":"https:\/\/panoramatv.com.do\/wp-content\/uploads\/2023\/08\/untitled-f87e0fe5-focus-0-0-896-504-896x504.jpg","jetpack_likes_enabled":true,"jetpack-related-posts":[],"_links":{"self":[{"href":"https:\/\/panoramatv.com.do\/index.php\/wp-json\/wp\/v2\/posts\/9865","targetHints":{"allow":["GET"]}}],"collection":[{"href":"https:\/\/panoramatv.com.do\/index.php\/wp-json\/wp\/v2\/posts"}],"about":[{"href":"https:\/\/panoramatv.com.do\/index.php\/wp-json\/wp\/v2\/types\/post"}],"author":[{"embeddable":true,"href":"https:\/\/panoramatv.com.do\/index.php\/wp-json\/wp\/v2\/users\/1"}],"replies":[{"embeddable":true,"href":"https:\/\/panoramatv.com.do\/index.php\/wp-json\/wp\/v2\/comments?post=9865"}],"version-history":[{"count":0,"href":"https:\/\/panoramatv.com.do\/index.php\/wp-json\/wp\/v2\/posts\/9865\/revisions"}],"wp:featuredmedia":[{"embeddable":true,"href":"https:\/\/panoramatv.com.do\/index.php\/wp-json\/wp\/v2\/media\/9867"}],"wp:attachment":[{"href":"https:\/\/panoramatv.com.do\/index.php\/wp-json\/wp\/v2\/media?parent=9865"}],"wp:term":[{"taxonomy":"category","embeddable":true,"href":"https:\/\/panoramatv.com.do\/index.php\/wp-json\/wp\/v2\/categories?post=9865"},{"taxonomy":"post_tag","embeddable":true,"href":"https:\/\/panoramatv.com.do\/index.php\/wp-json\/wp\/v2\/tags?post=9865"}],"curies":[{"name":"wp","href":"https:\/\/api.w.org\/{rel}","templated":true}]}}