{"id":9790,"date":"2023-08-09T20:01:59","date_gmt":"2023-08-10T00:01:59","guid":{"rendered":"https:\/\/panoramatv.com.do\/?p=9790"},"modified":"2023-08-09T20:02:46","modified_gmt":"2023-08-10T00:02:46","slug":"hugo-beras-aborda-beneficios-de-movilidad-electrica-perspectivas-y-avances-en-el-pais","status":"publish","type":"post","link":"https:\/\/panoramatv.com.do\/index.php\/2023\/08\/09\/hugo-beras-aborda-beneficios-de-movilidad-electrica-perspectivas-y-avances-en-el-pais\/","title":{"rendered":"Hugo Beras aborda beneficios de movilidad el\u00e9ctrica, perspectivas y avances en el pa\u00eds"},"content":{"rendered":"\n<p><strong>Santo Domingo, 08 de agosto 2023.-<\/strong>&nbsp;El director ejecutivo del Instituto Nacional de Tr\u00e1nsito y Transporte Terrestre (Intrant), Hugo Beras, ofreci\u00f3 una charla sobre el Plan Estrat\u00e9gico Nacional de Movilidad El\u00e9ctrica, y el avance paulatino del pa\u00eds en esa materia, al disertar en el \u201cTaller Despliegue de la Movilidad El\u00e9ctrica\u201d, organizado por el&nbsp;Comit\u00e9 Regional de la CIER para Centroam\u00e9rica y el Caribe (CECACIER).<\/p>\n\n\n\n<p>En el foro, con el apoyo de la Superintendencia de Electricidad de la Rep\u00fablica Dominicana, Beras se\u00f1al\u00f3 que el&nbsp;Plan Estrat\u00e9gico Nacional de Movilidad El\u00e9ctrica, en coordinaci\u00f3n con el Banco Interamericano de Desarrollo (BID), tiene como objetivo principal disminuir los gases de efecto invernadero, al tiempo de especificar que el Gobierno de Luis Abinader envi\u00f3 un poderoso mensaje al llegar a su toma de posesi\u00f3n a bordo de un veh\u00edculo el\u00e9ctrico. &nbsp;<\/p>\n\n\n\n<p>Durante su ponencia, el funcionario record\u00f3 que en materia de movilidad, el Metro y el Telef\u00e9rico de Santo Domingo representan dos de los mayores logros en ese sentido, ya que esas unidades del Sistema Integrado de Transporte P\u00fablico (SITP), son ecol\u00f3gicas y sostenibles.<\/p>\n\n\n\n<p>\u201cTenemos el Telef\u00e9rico en Santo Domingo, recientemente se inaugur\u00f3 el de Los Alcarrizos y estamos robusteciendo y duplicando la capacidad del Metro, as\u00ed como tambi\u00e9n, en Santiago de los Caballeros, el Gobierno inaugurar\u00e1 el Telef\u00e9rico y el Monorriel en los pr\u00f3ximos meses\u201d, adelant\u00f3 Beras.<\/p>\n\n\n\n<p>Seg\u00fan Beras, otra mejora que el Gobierno pondr\u00e1 en marcha este mismo a\u00f1o, en aras de promover la movilidad el\u00e9ctrica, es el primer corredor de autobuses el\u00e9ctricos del pa\u00eds en la Zona Colonial, el cual contar\u00e1 con un circuito de autobuses bajo esa modalidad.<\/p>\n\n\n\n<p>Asimismo, Beras adelant\u00f3 que \u201choy se depositar\u00e1 en la Direcci\u00f3n General de Alianza P\u00fablico Privada el proyecto para fines de licitaci\u00f3n p\u00fablica de la l\u00ednea 3 del Metro de Santo Domingo y al inicio de este a\u00f1o escolar entrar\u00e1 en vigor la segunda fase del Sistema Nacional de Movilidad Escolar, la cual constar\u00e1 de 400 autobuses el\u00e9ctricos\u201d.<\/p>\n\n\n\n<p>Tambi\u00e9n, Hugo Beras&nbsp;abord\u00f3 las socializaciones sostenidas con el Gobierno, as\u00ed como con empresas e instituciones relacionadas al sector, y a la vez reiter\u00f3 que el estado dominicano est\u00e1 dando pasos firmes para promover la credibilidad y el cambio de cultura, al impulsar el fomento de buenas pr\u00e1cticas, crear regulaciones e incentivos para la obtenci\u00f3n de veh\u00edculos el\u00e9ctricos,&nbsp;plataformas tecnol\u00f3gicas, promover la capacitaci\u00f3n profesional e institucional, as\u00ed como las tarifas y estructuras y readecuaciones para sistema correcto de recargas.<\/p>\n\n\n\n<p>\u201cLos sectores productivos tambi\u00e9n se est\u00e1n beneficiando de esta modalidad de transporte, puesto que, aunque el pa\u00eds cuenta con unos 17 mil veh\u00edculos el\u00e9ctricos, un porcentaje amplio de estos corresponden a motocicletas o unidades de dos ruedas y, de hecho, el pa\u00eds cuenta ya con f\u00e1bricas de motocicletas de delivery\u201d, especific\u00f3 el funcionario.<\/p>\n\n\n\n<p>Para masificar las alternativas sostenibles de transporte, el Gobierno se ha enfocado en transformar el escenario vial del pa\u00eds por completo, con metas establecidas al 2030 dentro del Plan Estrat\u00e9gico Nacional de Movilidad El\u00e9ctrica, que prev\u00e9 el uso de&nbsp; energ\u00edas renovables para reducir emisiones contaminantes e impulsar introducci\u00f3n gradual de veh\u00edculos el\u00e9ctricos a nivel p\u00fablico y privado, explic\u00f3 Beras, al socializar con expertos de Costa Rica, Panam\u00e1, Chile, Colombia y M\u00e9xico, as\u00ed como de RD.<\/p>\n\n\n\n<p>El funcionario manifest\u00f3 que de acuerdo con las necesidades del Plan de Movilidad Urbana Sostenible del Gran Santo Domingo (PMUS), el Intrant se prepara para la ejecuci\u00f3n de la Inspecci\u00f3n T\u00e9cnica Vehicular (ITV) en los pr\u00f3ximos meses, que permitir\u00e1 al pa\u00eds mejoras en t\u00e9rminos de exportaci\u00f3n de veh\u00edculos el\u00e9ctricos e h\u00edbridos, disminuci\u00f3n de los accidentes de tr\u00e1nsito y refuerzo de seguridad vial.<\/p>\n\n\n\n<figure class=\"wp-block-gallery has-nested-images columns-default is-cropped wp-block-gallery-1 is-layout-flex wp-block-gallery-is-layout-flex\">\n<figure class=\"wp-block-image size-large\"><img decoding=\"async\" data-id=\"9791\" src=\"https:\/\/images.panoramatv.com.do\/wp-content\/uploads\/2023\/08\/1-7-1024x683.jpg\" alt=\"\" class=\"wp-image-9791\"\/><\/figure>\n\n\n\n<figure class=\"wp-block-image size-large\"><img decoding=\"async\" data-id=\"9792\" src=\"https:\/\/images.panoramatv.com.do\/wp-content\/uploads\/2023\/08\/0-14-1024x683.jpg\" alt=\"\" class=\"wp-image-9792\"\/><\/figure>\n<\/figure>\n","protected":false},"excerpt":{"rendered":"<p>Santo Domingo, 08 de agosto 2023.-&nbsp;El director ejecutivo del Instituto Nacional de Tr\u00e1nsito y Transporte Terrestre (Intrant), Hugo Beras, ofreci\u00f3 una charla sobre el Plan Estrat\u00e9gico Nacional de Movilidad El\u00e9ctrica, y el avance paulatino del pa\u00eds en esa materia, al disertar en el \u201cTaller Despliegue de la Movilidad El\u00e9ctrica\u201d, organizado por el&nbsp;Comit\u00e9 Regional de la [&hellip;]<\/p>\n","protected":false},"author":1,"featured_media":9791,"comment_status":"open","ping_status":"open","sticky":false,"template":"","format":"standard","meta":{"_jetpack_memberships_contains_paid_content":false,"footnotes":"","jetpack_publicize_message":"","jetpack_publicize_feature_enabled":true,"jetpack_social_post_already_shared":true,"jetpack_social_options":{"image_generator_settings":{"template":"highway","enabled":false}}},"categories":[1],"tags":[92],"class_list":["post-9790","post","type-post","status-publish","format-standard","has-post-thumbnail","hentry","category-actualidad","tag-intrant"],"jetpack_publicize_connections":[],"jetpack_sharing_enabled":true,"jetpack_featured_media_url":"https:\/\/images.panoramatv.com.do\/wp-content\/uploads\/2023\/08\/1-7-1024x683.jpg","jetpack_likes_enabled":true,"jetpack-related-posts":[],"_links":{"self":[{"href":"https:\/\/panoramatv.com.do\/index.php\/wp-json\/wp\/v2\/posts\/9790"}],"collection":[{"href":"https:\/\/panoramatv.com.do\/index.php\/wp-json\/wp\/v2\/posts"}],"about":[{"href":"https:\/\/panoramatv.com.do\/index.php\/wp-json\/wp\/v2\/types\/post"}],"author":[{"embeddable":true,"href":"https:\/\/panoramatv.com.do\/index.php\/wp-json\/wp\/v2\/users\/1"}],"replies":[{"embeddable":true,"href":"https:\/\/panoramatv.com.do\/index.php\/wp-json\/wp\/v2\/comments?post=9790"}],"version-history":[{"count":0,"href":"https:\/\/panoramatv.com.do\/index.php\/wp-json\/wp\/v2\/posts\/9790\/revisions"}],"wp:featuredmedia":[{"embeddable":true,"href":"https:\/\/panoramatv.com.do\/index.php\/wp-json\/wp\/v2\/media\/9791"}],"wp:attachment":[{"href":"https:\/\/panoramatv.com.do\/index.php\/wp-json\/wp\/v2\/media?parent=9790"}],"wp:term":[{"taxonomy":"category","embeddable":true,"href":"https:\/\/panoramatv.com.do\/index.php\/wp-json\/wp\/v2\/categories?post=9790"},{"taxonomy":"post_tag","embeddable":true,"href":"https:\/\/panoramatv.com.do\/index.php\/wp-json\/wp\/v2\/tags?post=9790"}],"curies":[{"name":"wp","href":"https:\/\/api.w.org\/{rel}","templated":true}]}}