{"id":9786,"date":"2023-08-09T20:00:13","date_gmt":"2023-08-10T00:00:13","guid":{"rendered":"https:\/\/panoramatv.com.do\/?p=9786"},"modified":"2023-08-09T20:01:04","modified_gmt":"2023-08-10T00:01:04","slug":"rafael-solano-a-ritmo-de-piano-en-el-parque-de-las-praderas","status":"publish","type":"post","link":"https:\/\/panoramatv.com.do\/index.php\/2023\/08\/09\/rafael-solano-a-ritmo-de-piano-en-el-parque-de-las-praderas\/","title":{"rendered":"Rafael Solano a ritmo de Piano en el parque de Las Praderas"},"content":{"rendered":"\n<p>El evento es gratuito y cuenta con el apoyo de Mazda, Banco Popular y la Alcald\u00eda del Distrito Nacional<\/p>\n\n\n\n<p>Santo Domingo. Agosto 2023. Con el prop\u00f3sito de continuar creando espacios de diversi\u00f3n y esparcimiento para toda sociedad dominicana llega al Parque de Las Praderas el afamado pianista y compositor dominicano Rafael Solano, con una presentaci\u00f3n pautada para este mi\u00e9rcoles 9 de agosto a las 6:00 p.m. con el prop\u00f3sito de deleitar a los presentes con sus renombradas canciones.<\/p>\n\n\n\n<p>Un piano de cola colocado en el anfiteatro del Parque de Las Praderas, entrando por la calle Guarocuya, en el sector de Las Praderas, ser\u00e1 el escenario ideal que acompa\u00f1ar\u00e1 al maestro Solano y a todos los asistentes para disfrutar sus hermosas canciones, como: La pradera, El sonido de tu voz, Arroyito cristalino y Por amor, entre otras contagiosas melod\u00edas que han viajado por el mundo, enalteciendo el orgullo de todos los dominicanos y replicadas por famosos int\u00e9rpretes a nivel global.<\/p>\n\n\n\n<p>Esta iniciativa forma parte de los programas \u201cParques para todos\u00bb y \u201cVive tu parque\u00bb, que realiza la Alcald\u00eda del Distrito Nacional (ADN) para legar espacios urbanos mejorados a las comunidades de la capital, un proyecto que cuenta con el apoyo de empresas como el Banco Popular Dominicano y el Grupo Viamar, a trav\u00e9s de su marca de autom\u00f3viles, Mazda.<\/p>\n\n\n\n<p>Espacios urbanos &nbsp;mejorados<\/p>\n\n\n\n<p>En mayo del presente a\u00f1o, el Parque de Las Praderas fue remozado por la Alcald\u00eda del Distrito Nacional (ADN), el Ministerio de Obras P\u00fablicas (MOPC) y el Banco Popular en beneficio de unos casi 9,000 mun\u00edcipes que residen en sus alrededores.<\/p>\n\n\n\n<p>Durante toda la semana, este espacio urbano sirve de escenario para promover la salud y el bienestar a trav\u00e9s de actividades deportivas como tenis, baloncesto, zumba, yoga, entre otros entrenamientos f\u00edsicos al aire libre, tambi\u00e9n es pet friendly.El Parque de Las Praderas tiene m\u00e1s de 76,000 metros cuadrados de superficie y cuatro kil\u00f3metros de largo. Es el segundo parque de mayor gesti\u00f3n municipal en la ciudad de Santo Domingo, lo que lo convierte en un espacio de riqueza bot\u00e1nica y un pulm\u00f3n verde del Gran Santo Domingo.<\/p>\n\n\n\n<figure class=\"wp-block-gallery has-nested-images columns-default is-cropped wp-block-gallery-1 is-layout-flex wp-block-gallery-is-layout-flex\">\n<figure class=\"wp-block-image size-large\"><img decoding=\"async\" data-id=\"9787\" src=\"https:\/\/images.panoramatv.com.do\/wp-content\/uploads\/2023\/08\/1-6-1024x683.jpg\" alt=\"\" class=\"wp-image-9787\"\/><\/figure>\n\n\n\n<figure class=\"wp-block-image size-large\"><img decoding=\"async\" data-id=\"9788\" src=\"https:\/\/images.panoramatv.com.do\/wp-content\/uploads\/2023\/08\/0-13-1024x683.jpg\" alt=\"\" class=\"wp-image-9788\"\/><\/figure>\n<\/figure>\n","protected":false},"excerpt":{"rendered":"<p>El evento es gratuito y cuenta con el apoyo de Mazda, Banco Popular y la Alcald\u00eda del Distrito Nacional Santo Domingo. Agosto 2023. Con el prop\u00f3sito de continuar creando espacios de diversi\u00f3n y esparcimiento para toda sociedad dominicana llega al Parque de Las Praderas el afamado pianista y compositor dominicano Rafael Solano, con una presentaci\u00f3n [&hellip;]<\/p>\n","protected":false},"author":1,"featured_media":9788,"comment_status":"open","ping_status":"open","sticky":false,"template":"","format":"standard","meta":{"_jetpack_memberships_contains_paid_content":false,"footnotes":"","jetpack_publicize_message":"","jetpack_publicize_feature_enabled":true,"jetpack_social_post_already_shared":true,"jetpack_social_options":{"image_generator_settings":{"template":"highway","enabled":false}}},"categories":[10],"tags":[1551],"class_list":["post-9786","post","type-post","status-publish","format-standard","has-post-thumbnail","hentry","category-panorama-social","tag-ayuntamiento-del-distrito-nacional"],"jetpack_publicize_connections":[],"jetpack_sharing_enabled":true,"jetpack_featured_media_url":"https:\/\/images.panoramatv.com.do\/wp-content\/uploads\/2023\/08\/0-13-1386x924.jpg","jetpack_likes_enabled":true,"jetpack-related-posts":[],"_links":{"self":[{"href":"https:\/\/panoramatv.com.do\/index.php\/wp-json\/wp\/v2\/posts\/9786"}],"collection":[{"href":"https:\/\/panoramatv.com.do\/index.php\/wp-json\/wp\/v2\/posts"}],"about":[{"href":"https:\/\/panoramatv.com.do\/index.php\/wp-json\/wp\/v2\/types\/post"}],"author":[{"embeddable":true,"href":"https:\/\/panoramatv.com.do\/index.php\/wp-json\/wp\/v2\/users\/1"}],"replies":[{"embeddable":true,"href":"https:\/\/panoramatv.com.do\/index.php\/wp-json\/wp\/v2\/comments?post=9786"}],"version-history":[{"count":0,"href":"https:\/\/panoramatv.com.do\/index.php\/wp-json\/wp\/v2\/posts\/9786\/revisions"}],"wp:featuredmedia":[{"embeddable":true,"href":"https:\/\/panoramatv.com.do\/index.php\/wp-json\/wp\/v2\/media\/9788"}],"wp:attachment":[{"href":"https:\/\/panoramatv.com.do\/index.php\/wp-json\/wp\/v2\/media?parent=9786"}],"wp:term":[{"taxonomy":"category","embeddable":true,"href":"https:\/\/panoramatv.com.do\/index.php\/wp-json\/wp\/v2\/categories?post=9786"},{"taxonomy":"post_tag","embeddable":true,"href":"https:\/\/panoramatv.com.do\/index.php\/wp-json\/wp\/v2\/tags?post=9786"}],"curies":[{"name":"wp","href":"https:\/\/api.w.org\/{rel}","templated":true}]}}