{"id":9779,"date":"2023-08-09T19:20:46","date_gmt":"2023-08-09T23:20:46","guid":{"rendered":"https:\/\/panoramatv.com.do\/?p=9779"},"modified":"2023-08-09T19:21:32","modified_gmt":"2023-08-09T23:21:32","slug":"energia-y-minas-realiza-sorteo-de-obras-beneficiara-comunidades-sin-electricidad","status":"publish","type":"post","link":"https:\/\/panoramatv.com.do\/index.php\/2023\/08\/09\/energia-y-minas-realiza-sorteo-de-obras-beneficiara-comunidades-sin-electricidad\/","title":{"rendered":"Energ\u00eda y Minas realiza sorteo de obras beneficiar\u00e1 comunidades sin electricidad"},"content":{"rendered":"\n<p>El Ministerio de Energ\u00eda y Minas (MEM) realiz\u00f3 el sorteo de veinte lotes de obras valoradas en m\u00e1s de 73 millones de pesos, a fin de rehabilitar, construir y extender las redes el\u00e9ctricas en comunidades del pa\u00eds carentes de un servicio el\u00e9ctrico eficiente.&nbsp;<\/p>\n\n\n\n<p>Estas obras ser\u00e1n ejecutadas por la Direcci\u00f3n de Electrificaci\u00f3n Urbana y Suburbana (DERS), dependencia del MEM, que busca llevar electricidad a todos los rincones del pa\u00eds, a trav\u00e9s de su programa \u201cLlevando Luz\u201d, que busca cambiarle la vida de las personas impactadas mediante el uso de la electricidad.<\/p>\n\n\n\n<p>Freddy Lara, asesor del ministro de Energ\u00eda y Minas, Antonio Almonte, inform\u00f3 que se recibieron m\u00e1s de 100 postulaciones, de las cuales 58 cumplieron los requisitos que las habilitaban para este primer sorteo realizado por la instituci\u00f3n.&nbsp;<\/p>\n\n\n\n<p>En ese mismo sentido, pidi\u00f3 a los ganadores cumplir con lo pactado con la misma responsabilidad y transparencia con la que el MEM ha logrado realizar dicho proceso.&nbsp;<\/p>\n\n\n\n<p>Invit\u00f3 a todos los participantes a visitar la p\u00e1gina oficial del MEM&nbsp;<a href=\"https:\/\/mem.gob.do\/\" target=\"_blank\" rel=\"noreferrer noopener\">https:\/\/mem.gob.do<\/a>&nbsp;donde en los pr\u00f3ximos d\u00edas ser\u00e1n publicados los resultados obtenidos en este primer sorteo de obras realizadas por el MEM.&nbsp;<\/p>\n\n\n\n<p>El monto de las inversiones para la ejecuci\u00f3n de las obras sorteadas, suman m\u00e1s de RD$73 Millones, el sorteo fue realizado en presencia de los oferentes, miembros del Comit\u00e9 y Contrataciones del MEM conformado por el ministro Almonte, representado por Freddy Lara, Tirso Pe\u00f1a, director administrativo, Matilde Balc\u00e1cer, directora jur\u00eddica, Anabelle Reynoso, directora de Planificaci\u00f3n y Desarrollo, y Delmis Marte, encargada de Acceso a la Informaci\u00f3n.&nbsp;<\/p>\n\n\n\n<p>El sorteo se llev\u00f3 a cabo en el Parque Tem\u00e1tico de Energ\u00edas Renovables, Ciudad Juan Bosch, y cont\u00f3 con la presencia de tres notarios p\u00fablicos, quienes certificaron la legalidad y pulcritud del sorteo.&nbsp;<\/p>\n\n\n\n<p>El ministro Antonio Almonte ha manifestado el compromiso del Gobierno dominicano, encabezado por el presidente Luis Abinader, de llevar energ\u00eda el\u00e9ctrica, a trav\u00e9s de la DERS, a todos los lugares del pa\u00eds para que los comunitarios puedan desarrollar sus actividades de manera productiva y satisfactoria.<\/p>\n\n\n\n<figure class=\"wp-block-gallery has-nested-images columns-default is-cropped wp-block-gallery-1 is-layout-flex wp-block-gallery-is-layout-flex\">\n<figure class=\"wp-block-image size-large\"><img decoding=\"async\" data-id=\"9780\" src=\"https:\/\/images.panoramatv.com.do\/wp-content\/uploads\/2023\/08\/1-5-1024x628.jpg\" alt=\"\" class=\"wp-image-9780\"\/><\/figure>\n\n\n\n<figure class=\"wp-block-image size-large\"><img decoding=\"async\" data-id=\"9781\" src=\"https:\/\/images.panoramatv.com.do\/wp-content\/uploads\/2023\/08\/0-11-1024x576.jpg\" alt=\"\" class=\"wp-image-9781\"\/><\/figure>\n<\/figure>\n","protected":false},"excerpt":{"rendered":"<p>El Ministerio de Energ\u00eda y Minas (MEM) realiz\u00f3 el sorteo de veinte lotes de obras valoradas en m\u00e1s de 73 millones de pesos, a fin de rehabilitar, construir y extender las redes el\u00e9ctricas en comunidades del pa\u00eds carentes de un servicio el\u00e9ctrico eficiente.&nbsp; Estas obras ser\u00e1n ejecutadas por la Direcci\u00f3n de Electrificaci\u00f3n Urbana y Suburbana [&hellip;]<\/p>\n","protected":false},"author":1,"featured_media":9780,"comment_status":"open","ping_status":"open","sticky":false,"template":"","format":"standard","meta":{"_jetpack_memberships_contains_paid_content":false,"footnotes":"","jetpack_publicize_message":"","jetpack_publicize_feature_enabled":true,"jetpack_social_post_already_shared":true,"jetpack_social_options":{"image_generator_settings":{"template":"highway","enabled":false}}},"categories":[1],"tags":[279],"class_list":["post-9779","post","type-post","status-publish","format-standard","has-post-thumbnail","hentry","category-actualidad","tag-ministerio-energia-y-minas"],"jetpack_publicize_connections":[],"jetpack_sharing_enabled":true,"jetpack_featured_media_url":"https:\/\/images.panoramatv.com.do\/wp-content\/uploads\/2023\/08\/1-5-1506x924.jpg","jetpack_likes_enabled":true,"jetpack-related-posts":[],"_links":{"self":[{"href":"https:\/\/panoramatv.com.do\/index.php\/wp-json\/wp\/v2\/posts\/9779"}],"collection":[{"href":"https:\/\/panoramatv.com.do\/index.php\/wp-json\/wp\/v2\/posts"}],"about":[{"href":"https:\/\/panoramatv.com.do\/index.php\/wp-json\/wp\/v2\/types\/post"}],"author":[{"embeddable":true,"href":"https:\/\/panoramatv.com.do\/index.php\/wp-json\/wp\/v2\/users\/1"}],"replies":[{"embeddable":true,"href":"https:\/\/panoramatv.com.do\/index.php\/wp-json\/wp\/v2\/comments?post=9779"}],"version-history":[{"count":0,"href":"https:\/\/panoramatv.com.do\/index.php\/wp-json\/wp\/v2\/posts\/9779\/revisions"}],"wp:featuredmedia":[{"embeddable":true,"href":"https:\/\/panoramatv.com.do\/index.php\/wp-json\/wp\/v2\/media\/9780"}],"wp:attachment":[{"href":"https:\/\/panoramatv.com.do\/index.php\/wp-json\/wp\/v2\/media?parent=9779"}],"wp:term":[{"taxonomy":"category","embeddable":true,"href":"https:\/\/panoramatv.com.do\/index.php\/wp-json\/wp\/v2\/categories?post=9779"},{"taxonomy":"post_tag","embeddable":true,"href":"https:\/\/panoramatv.com.do\/index.php\/wp-json\/wp\/v2\/tags?post=9779"}],"curies":[{"name":"wp","href":"https:\/\/api.w.org\/{rel}","templated":true}]}}