{"id":9566,"date":"2023-06-20T14:10:08","date_gmt":"2023-06-20T18:10:08","guid":{"rendered":"https:\/\/panoramatv.com.do\/?p=9566"},"modified":"2023-06-20T14:11:31","modified_gmt":"2023-06-20T18:11:31","slug":"prodominicana-implementa-herramienta-digital-saim-para-facilitar-informacion-sobre-mercados-y-tendencias","status":"publish","type":"post","link":"https:\/\/panoramatv.com.do\/index.php\/2023\/06\/20\/prodominicana-implementa-herramienta-digital-saim-para-facilitar-informacion-sobre-mercados-y-tendencias\/","title":{"rendered":"ProDominicana implementa herramienta digital SAIM para facilitar informaci\u00f3n sobre mercados y tendencias"},"content":{"rendered":"\n<p>Santo Domingo.- Con el objetivo de incorporar nuevas herramientas digitales que permitan generar informaciones claves sobre riesgos, trabas, regulaciones y oportunidades para el sector exportador dominicano y los inversionistas, Biviana Riveiro, Directora Ejecutiva del <a href=\"https:\/\/panoramatv.com.do\/index.php\/2023\/05\/15\/prodominicana-reconocida-como-una-de-las-mejores-agencias-de-promocion-de-inversiones-en-latinoamerica-y-el-caribe\/\" title=\"ProDominicana reconocida como una de las mejores agencias de promoci\u00f3n de inversiones en Latinoam\u00e9rica y el Caribe.\">Centro de Exportaci\u00f3n e Inversi\u00f3n de la Rep\u00fablica Dominicana<\/a> (ProDominicana) present\u00f3 su nuevo Sistema Alertas de Inteligencia de Mercados (SAIM).<\/p>\n\n\n\n<p>Esta nueva plataforma se enmarca en el ecosistema digital de ProDominicana para continuar el proceso de informar y acompa\u00f1ar a los exportadores dominicanos.<\/p>\n\n\n\n<p>Durante el lanzamiento, la viceministra del Ministerio de Industria y Comercio, Vilma Arbaje especific\u00f3 que la aplicaci\u00f3n digital SAIM ser\u00e1 un aliado que agregar\u00e1 valor en las gestiones de negocios del sector exportador dominicano.<\/p>\n\n\n\n<p><strong>En ese sentido, la directora ejecutiva de ProDominicana, Biviana Riveiro Disla expres\u00f3 que este nuevo instrumento digital pone a la disposici\u00f3n del sector exportador informaciones claves sobre riesgos, regulaciones o situaciones coyunturales que puedan representar un mayor grado de complejidad o una potencial oportunidad comercial para la internacionalizaci\u00f3n de la oferta exportable dominicana.<\/strong><\/p>\n\n\n\n<p>Riveiro indic\u00f3 que la puesta en marcha del Sistema Alerta de Inteligencia de Mercados (SAIM) permite analizar a tiempo ese tipo de eventos externos y posicionarnos estrat\u00e9gicamente para tomar decisiones acertadas en este tipo de contextos.<\/p>\n\n\n\n<p>\u201cEl uso de la tecnolog\u00eda en el sector exportador es una necesidad para todo tipo de compa\u00f1\u00eda que quiera crecer en los mercados internacionales, tanto en la producci\u00f3n como en la exportaci\u00f3n\u201d, Usar este tipo de herramientas reduce riesgos en la toma de decisiones y ampl\u00eda las posibilidades de comercializar nuestros productos de origen nacional en distintos pa\u00edses y regiones\u201d puntualiz\u00f3.<\/p>\n\n\n\n<p>La directora ejecutiva de ProDominicana se\u00f1al\u00f3 que: \u201cEn momentos en que queremos seguir la senda de la recuperaci\u00f3n econ\u00f3mica, el crecimiento de las exportaciones, como el r\u00e9cord hist\u00f3rico de USD$1,167 millones en mayo de 2023, tener acceso a herramientas como SAIM es fundamental.<\/p>\n\n\n\n<figure class=\"wp-block-gallery has-nested-images columns-default is-cropped wp-block-gallery-1 is-layout-flex wp-block-gallery-is-layout-flex\">\n<figure class=\"wp-block-image size-large\"><img decoding=\"async\" data-id=\"9567\" src=\"https:\/\/images.panoramatv.com.do\/wp-content\/uploads\/2023\/06\/a8ce3e79-a734-4ad2-b03d-3162abd44c0c-1024x682.jpg\" alt=\"\" class=\"wp-image-9567\"\/><\/figure>\n\n\n\n<figure class=\"wp-block-image size-large\"><img decoding=\"async\" data-id=\"9568\" src=\"https:\/\/images.panoramatv.com.do\/wp-content\/uploads\/2023\/06\/6272e2e8-4f56-4812-9973-64ab86fa4890-1024x682.jpg\" alt=\"\" class=\"wp-image-9568\"\/><\/figure>\n<\/figure>\n","protected":false},"excerpt":{"rendered":"<p>Santo Domingo.- Con el objetivo de incorporar nuevas herramientas digitales que permitan generar informaciones claves sobre riesgos, trabas, regulaciones y oportunidades para el sector exportador dominicano y los inversionistas, Biviana Riveiro, Directora Ejecutiva del Centro de Exportaci\u00f3n e Inversi\u00f3n de la Rep\u00fablica Dominicana (ProDominicana) present\u00f3 su nuevo Sistema Alertas de Inteligencia de Mercados (SAIM). Esta [&hellip;]<\/p>\n","protected":false},"author":1,"featured_media":9568,"comment_status":"open","ping_status":"open","sticky":false,"template":"","format":"standard","meta":{"_jetpack_memberships_contains_paid_content":false,"footnotes":"","jetpack_publicize_message":"","jetpack_publicize_feature_enabled":true,"jetpack_social_post_already_shared":true,"jetpack_social_options":{"image_generator_settings":{"template":"highway","enabled":false}}},"categories":[1],"tags":[388],"class_list":["post-9566","post","type-post","status-publish","format-standard","has-post-thumbnail","hentry","category-actualidad","tag-prodominicana"],"jetpack_publicize_connections":[],"jetpack_sharing_enabled":true,"jetpack_featured_media_url":"https:\/\/panoramatv.com.do\/wp-content\/uploads\/2023\/06\/6272e2e8-4f56-4812-9973-64ab86fa4890-1600x1066.jpg","jetpack_likes_enabled":true,"jetpack-related-posts":[],"_links":{"self":[{"href":"https:\/\/panoramatv.com.do\/index.php\/wp-json\/wp\/v2\/posts\/9566","targetHints":{"allow":["GET"]}}],"collection":[{"href":"https:\/\/panoramatv.com.do\/index.php\/wp-json\/wp\/v2\/posts"}],"about":[{"href":"https:\/\/panoramatv.com.do\/index.php\/wp-json\/wp\/v2\/types\/post"}],"author":[{"embeddable":true,"href":"https:\/\/panoramatv.com.do\/index.php\/wp-json\/wp\/v2\/users\/1"}],"replies":[{"embeddable":true,"href":"https:\/\/panoramatv.com.do\/index.php\/wp-json\/wp\/v2\/comments?post=9566"}],"version-history":[{"count":0,"href":"https:\/\/panoramatv.com.do\/index.php\/wp-json\/wp\/v2\/posts\/9566\/revisions"}],"wp:featuredmedia":[{"embeddable":true,"href":"https:\/\/panoramatv.com.do\/index.php\/wp-json\/wp\/v2\/media\/9568"}],"wp:attachment":[{"href":"https:\/\/panoramatv.com.do\/index.php\/wp-json\/wp\/v2\/media?parent=9566"}],"wp:term":[{"taxonomy":"category","embeddable":true,"href":"https:\/\/panoramatv.com.do\/index.php\/wp-json\/wp\/v2\/categories?post=9566"},{"taxonomy":"post_tag","embeddable":true,"href":"https:\/\/panoramatv.com.do\/index.php\/wp-json\/wp\/v2\/tags?post=9566"}],"curies":[{"name":"wp","href":"https:\/\/api.w.org\/{rel}","templated":true}]}}