{"id":9153,"date":"2023-04-27T14:12:31","date_gmt":"2023-04-27T18:12:31","guid":{"rendered":"https:\/\/panoramatv.com.do\/?p=9153"},"modified":"2023-04-27T14:12:36","modified_gmt":"2023-04-27T18:12:36","slug":"presidente-abinader-y-ministro-de-turismo-encabezan-seminario-internacional-sobre-el-sargazo","status":"publish","type":"post","link":"https:\/\/panoramatv.com.do\/index.php\/2023\/04\/27\/presidente-abinader-y-ministro-de-turismo-encabezan-seminario-internacional-sobre-el-sargazo\/","title":{"rendered":"<strong>Presidente Abinader y ministro de Turismo encabezan seminario internacional sobre el sargazo<\/strong>"},"content":{"rendered":"\n<p>Collado dice que este es un nuevo paso que busca promover mejores pr\u00e1cticas para el manejo integral del sargazo<\/p>\n\n\n\n<p><strong>Santo Domingo.-<\/strong>El presidente Luis Abinader y el ministro de Turismo, David Collado, encabezaron hoy el seminario internacional sobre&nbsp; los retos y oportunidades de la gesti\u00f3n del sargazo para el turismo de Rep\u00fablica Dominicana, que se lleva a cabo en el hotel El Embajador de la capital.<\/p>\n\n\n\n<p>En este primer seminario internacional que se realiza en el pa\u00eds sobre el sargazo participaron, tambi\u00e9n, el ministro de Medio Ambiente, Miguel Ceara Hatton, y reconocidos expertos y acad\u00e9micos nacionales e internacionales.<\/p>\n\n\n\n<p>El objetivo general del seminario es conocer sobre los retos que representa la llegada del sargazo a Rep\u00fablica Dominicana, as\u00ed como, identificar y evaluar las oportunidades que propone el sargazo para implementar mejores pr\u00e1cticas y pol\u00edticas p\u00fablicas en la gesti\u00f3n costera sostenible.<\/p>\n\n\n\n<p>El presidente Luis Abinader manifest\u00f3 que desde hace m\u00e1s de un a\u00f1o trabaja con el Ministerio de Turismo para buscar una soluci\u00f3n al problema del sargazo que afecta el \u00e1rea costera del Gran Caribe.<\/p>\n\n\n\n<p>El mandatario llam\u00f3 a los pa\u00edses del Gran Caribe a trabajar de manera unificada para buscar una soluci\u00f3n conjunta a la crisis del sargazo.<\/p>\n\n\n\n<p>Asimismo, el presidente Abinader anunci\u00f3 que aportar\u00e1 un mill\u00f3n de d\u00f3lares a las universidades para que financien las investigaciones de lugar para buscar una soluci\u00f3n al problema del sargazo en el \u00e1rea marina dominicana.<\/p>\n\n\n\n<figure class=\"wp-block-image size-large\"><img decoding=\"async\" src=\"https:\/\/images.panoramatv.com.do\/wp-content\/uploads\/2023\/04\/0-25-1024x612.jpg\" alt=\"\" class=\"wp-image-9154\"\/><\/figure>\n","protected":false},"excerpt":{"rendered":"<p>Collado dice que este es un nuevo paso que busca promover mejores pr\u00e1cticas para el manejo integral del sargazo Santo Domingo.-El presidente Luis Abinader y el ministro de Turismo, David Collado, encabezaron hoy el seminario internacional sobre&nbsp; los retos y oportunidades de la gesti\u00f3n del sargazo para el turismo de Rep\u00fablica Dominicana, que se lleva [&hellip;]<\/p>\n","protected":false},"author":1,"featured_media":9154,"comment_status":"open","ping_status":"open","sticky":false,"template":"","format":"standard","meta":{"_jetpack_memberships_contains_paid_content":false,"footnotes":"","jetpack_publicize_message":"","jetpack_publicize_feature_enabled":true,"jetpack_social_post_already_shared":true,"jetpack_social_options":{"image_generator_settings":{"template":"highway","enabled":false}}},"categories":[1],"tags":[1505],"class_list":["post-9153","post","type-post","status-publish","format-standard","has-post-thumbnail","hentry","category-actualidad","tag-ministerio-de-turismo"],"jetpack_publicize_connections":[],"jetpack_sharing_enabled":true,"jetpack_featured_media_url":"https:\/\/images.panoramatv.com.do\/wp-content\/uploads\/2023\/04\/0-25-1049x627.jpg","jetpack_likes_enabled":true,"jetpack-related-posts":[],"_links":{"self":[{"href":"https:\/\/panoramatv.com.do\/index.php\/wp-json\/wp\/v2\/posts\/9153"}],"collection":[{"href":"https:\/\/panoramatv.com.do\/index.php\/wp-json\/wp\/v2\/posts"}],"about":[{"href":"https:\/\/panoramatv.com.do\/index.php\/wp-json\/wp\/v2\/types\/post"}],"author":[{"embeddable":true,"href":"https:\/\/panoramatv.com.do\/index.php\/wp-json\/wp\/v2\/users\/1"}],"replies":[{"embeddable":true,"href":"https:\/\/panoramatv.com.do\/index.php\/wp-json\/wp\/v2\/comments?post=9153"}],"version-history":[{"count":0,"href":"https:\/\/panoramatv.com.do\/index.php\/wp-json\/wp\/v2\/posts\/9153\/revisions"}],"wp:featuredmedia":[{"embeddable":true,"href":"https:\/\/panoramatv.com.do\/index.php\/wp-json\/wp\/v2\/media\/9154"}],"wp:attachment":[{"href":"https:\/\/panoramatv.com.do\/index.php\/wp-json\/wp\/v2\/media?parent=9153"}],"wp:term":[{"taxonomy":"category","embeddable":true,"href":"https:\/\/panoramatv.com.do\/index.php\/wp-json\/wp\/v2\/categories?post=9153"},{"taxonomy":"post_tag","embeddable":true,"href":"https:\/\/panoramatv.com.do\/index.php\/wp-json\/wp\/v2\/tags?post=9153"}],"curies":[{"name":"wp","href":"https:\/\/api.w.org\/{rel}","templated":true}]}}