{"id":9149,"date":"2023-04-27T14:09:16","date_gmt":"2023-04-27T18:09:16","guid":{"rendered":"https:\/\/panoramatv.com.do\/?p=9149"},"modified":"2023-04-27T14:09:21","modified_gmt":"2023-04-27T18:09:21","slug":"rd-es-reconocida-sera-sede-de-encuentro-internacional-de-directores-de-aduanas","status":"publish","type":"post","link":"https:\/\/panoramatv.com.do\/index.php\/2023\/04\/27\/rd-es-reconocida-sera-sede-de-encuentro-internacional-de-directores-de-aduanas\/","title":{"rendered":"RD es reconocida, ser\u00e1 sede de encuentro internacional de directores de Aduanas\u00a0"},"content":{"rendered":"\n<p><strong>Santo Domingo, RD. &#8211;<\/strong> La Rep\u00fablica Dominicana es reconocida en su gesti\u00f3n &nbsp;aduanera y log\u00edstica al serle otorgada la sede de tres importantes eventos aduaneros del 15 al 19 de mayo en Punta Cana, donde se mostrar\u00e1 el compromiso pa\u00eds con la modernizaci\u00f3n de los sistemas para el comercio exterior.<\/p>\n\n\n\n<p>Los directores de las Aduanas de Am\u00e9rica, Espa\u00f1a y Portugal se reunir\u00e1n en la naci\u00f3n dominicana para identificar oportunidades y retos comunes.<\/p>\n\n\n\n<p>Representantes de las naciones participantes en el encuentro discutir\u00e1n sobre los procedimientos aduaneros, maximizando la competitividad de estos \u00f3rganos, y compartir experiencias en la modernizaci\u00f3n de los sistemas aduaneros y log\u00edsticos.<\/p>\n\n\n\n<figure class=\"wp-block-gallery has-nested-images columns-default is-cropped wp-block-gallery-1 is-layout-flex wp-block-gallery-is-layout-flex\">\n<figure class=\"wp-block-image size-large\"><img decoding=\"async\" data-id=\"9150\" src=\"https:\/\/images.panoramatv.com.do\/wp-content\/uploads\/2023\/04\/1-5-941x627.jpg\" alt=\"\" class=\"wp-image-9150\"\/><\/figure>\n\n\n\n<figure class=\"wp-block-image size-large\"><img decoding=\"async\" data-id=\"9151\" src=\"https:\/\/images.panoramatv.com.do\/wp-content\/uploads\/2023\/04\/0-24-939x627.jpg\" alt=\"\" class=\"wp-image-9151\"\/><\/figure>\n<\/figure>\n\n\n\n<p>Eduardo Sanz Lovat\u00f3n, director general de Aduanas de la Rep\u00fablica Dominicana, dijo que: \u201cEstamos muy contentos de celebrar estos tres importantes acontecimientos en nuestro pa\u00eds. Los principales actores de la gesti\u00f3n de las aduanas de la regi\u00f3n, Espa\u00f1a y Portugal se dar\u00e1n cita, compartiendo inquietudes, innovaciones, oportunidades de intercambio de conocimiento y fomentando las alianzas p\u00fablico-privadas, para robustecer el transporte de mercanc\u00edas, centr\u00e1ndonos en el capital humano\u201d.<\/p>\n\n\n\n<p>El primer encuentro es la \u201cXLIII Reuni\u00f3n de Directores Nacionales para el Convenio Multilateral sobre Cooperaci\u00f3n y Asistencia Mutua entre las direcciones nacionales de Aduanas de Am\u00e9rica Latina, Espa\u00f1a y Portugal (COMALEP)\u201d, el cual se llevar\u00e1 a cabo los d\u00edas 15 y 16 de mayo.<\/p>\n","protected":false},"excerpt":{"rendered":"<p>Santo Domingo, RD. &#8211; La Rep\u00fablica Dominicana es reconocida en su gesti\u00f3n &nbsp;aduanera y log\u00edstica al serle otorgada la sede de tres importantes eventos aduaneros del 15 al 19 de mayo en Punta Cana, donde se mostrar\u00e1 el compromiso pa\u00eds con la modernizaci\u00f3n de los sistemas para el comercio exterior. Los directores de las Aduanas [&hellip;]<\/p>\n","protected":false},"author":1,"featured_media":9150,"comment_status":"open","ping_status":"open","sticky":false,"template":"","format":"standard","meta":{"_jetpack_memberships_contains_paid_content":false,"footnotes":"","jetpack_publicize_message":"","jetpack_publicize_feature_enabled":true,"jetpack_social_post_already_shared":true,"jetpack_social_options":{"image_generator_settings":{"template":"highway","enabled":false}}},"categories":[1],"tags":[1261],"class_list":["post-9149","post","type-post","status-publish","format-standard","has-post-thumbnail","hentry","category-actualidad","tag-direccion-general-de-aduanas"],"jetpack_publicize_connections":[],"jetpack_sharing_enabled":true,"jetpack_featured_media_url":"https:\/\/panoramatv.com.do\/wp-content\/uploads\/2023\/04\/1-5-941x627.jpg","jetpack_likes_enabled":true,"jetpack-related-posts":[],"_links":{"self":[{"href":"https:\/\/panoramatv.com.do\/index.php\/wp-json\/wp\/v2\/posts\/9149","targetHints":{"allow":["GET"]}}],"collection":[{"href":"https:\/\/panoramatv.com.do\/index.php\/wp-json\/wp\/v2\/posts"}],"about":[{"href":"https:\/\/panoramatv.com.do\/index.php\/wp-json\/wp\/v2\/types\/post"}],"author":[{"embeddable":true,"href":"https:\/\/panoramatv.com.do\/index.php\/wp-json\/wp\/v2\/users\/1"}],"replies":[{"embeddable":true,"href":"https:\/\/panoramatv.com.do\/index.php\/wp-json\/wp\/v2\/comments?post=9149"}],"version-history":[{"count":0,"href":"https:\/\/panoramatv.com.do\/index.php\/wp-json\/wp\/v2\/posts\/9149\/revisions"}],"wp:featuredmedia":[{"embeddable":true,"href":"https:\/\/panoramatv.com.do\/index.php\/wp-json\/wp\/v2\/media\/9150"}],"wp:attachment":[{"href":"https:\/\/panoramatv.com.do\/index.php\/wp-json\/wp\/v2\/media?parent=9149"}],"wp:term":[{"taxonomy":"category","embeddable":true,"href":"https:\/\/panoramatv.com.do\/index.php\/wp-json\/wp\/v2\/categories?post=9149"},{"taxonomy":"post_tag","embeddable":true,"href":"https:\/\/panoramatv.com.do\/index.php\/wp-json\/wp\/v2\/tags?post=9149"}],"curies":[{"name":"wp","href":"https:\/\/api.w.org\/{rel}","templated":true}]}}