{"id":9103,"date":"2023-04-24T13:46:12","date_gmt":"2023-04-24T17:46:12","guid":{"rendered":"https:\/\/panoramatv.com.do\/?p=9103"},"modified":"2023-04-24T14:01:36","modified_gmt":"2023-04-24T18:01:36","slug":"libro-mi-vida-y-nuestra-historia-contemporanea-del-dr-tirso-mejia-ricart-es-puesto-en-circulacion-y-narra-sus-memorias","status":"publish","type":"post","link":"https:\/\/panoramatv.com.do\/index.php\/2023\/04\/24\/libro-mi-vida-y-nuestra-historia-contemporanea-del-dr-tirso-mejia-ricart-es-puesto-en-circulacion-y-narra-sus-memorias\/","title":{"rendered":"Libro \u00abMi vida y nuestra historia contempor\u00e1nea\u00bb del Dr. Tirso Mej\u00eda-Ricart es puesto en circulaci\u00f3n y narra sus memorias."},"content":{"rendered":"\n<p>La familia de Tirso Mej\u00eda-Ricart present\u00f3 p\u00f3stumamente el libro \u201cMi vida y nuestra historia contempor\u00e1nea\u201d, con el subt\u00edtulo Memorias de un actor sobreviviente, en el cual el destacado historiador, hombre de ciencia y pol\u00edtico, narra su trayectoria marcada por acontecimientos pol\u00edticos y profesionales que lo llevaron a tener roles protag\u00f3nicos en la sociedad dominicana. &nbsp;&nbsp;<\/p>\n\n\n\n<p>La presentaci\u00f3n del libro se celebr\u00f3 en el auditorio Profesor Juan Bosch, de la Biblioteca Nacional Pedro Henr\u00edquez Ure\u00f1a, a las 7:00 p.m., y constituy\u00f3 un momento especial donde se entreg\u00f3 a la sociedad y a los lectores un libro que habr\u00e1 de constituirse un testamento literario que ofrece luz e informaciones sobre distintas \u00e9pocas y hechos. &nbsp;<\/p>\n\n\n\n<p>\u201cEl libro es un legado de Tirso Mej\u00eda-Ricart, en el que nuestro padre despliega su memoria para ir rescatando y contando hechos que marcaron su vida, y tambi\u00e9n a la sociedad dominicana, donde \u00e9l trat\u00f3 siempre de jugar un papel que estuviera en consonancia y armon\u00eda con los mejores intereses\u201d, dice la nota.&nbsp;<\/p>\n\n\n\n<p>Mej\u00eda-Ricart, quien falleci\u00f3 a la edad de 85 a\u00f1os el 3 de julio del 2021, fue un destacado profesional, que dividi\u00f3 sus pasiones con igual intensidad, entre la ciencia, la pol\u00edtica y la defensa de los mejores intereses de su patria, realizando estudios en medicina con especialidad psiquiatr\u00eda, psicolog\u00eda filosof\u00eda y letras, educaci\u00f3n y estad\u00edsticas.<\/p>\n\n\n\n<p>Desde la \u00e9poca de su tierna juventud, el compromiso social y pol\u00edtico que asumi\u00f3 Tirso Mej\u00eda-Ricart lo llevaron a padecer en carne propia la m\u00e1s cruel persecuci\u00f3n pol\u00edtica de parte de la dictadura trujillista. Uno de sus hermanos, Octavio Augusto Mej\u00eda-Ricart fue parte de los expedicionarios del 14 de junio por lo que fue capturado y asesinado por el r\u00e9gimen. &nbsp;<\/p>\n\n\n\n<p>En la introducci\u00f3n del libro Mej\u00eda Ricart se\u00f1ala: \u201cNo es f\u00e1cil resumir en un texto como una larga trayectoria de vida, intensa en muchos sentidos y estrechamente vinculada al acontecer social, pol\u00edtico e intelectual dominicano, como la m\u00eda\u201d.&nbsp;<\/p>\n\n\n\n<p>En el libro el lector podr\u00e1 encontrarse con el recorrido y accionar de un ser humano marcado por acontecimientos y hechos como la Segunda Guerra Mundial, la tiran\u00eda de Trujillo, la intervenci\u00f3n militar norteamericana, la Guerra de Abril del 1965, as\u00ed como una sensible mirada a los cambios que se han operado en el pa\u00eds en los \u00faltimos 60 a\u00f1os.&nbsp;<\/p>\n\n\n\n<p>Algo que se debe destacar es que el libro&nbsp;<strong>\u201cMi vida y nuestra historia contempor\u00e1nea\u201d<\/strong>&nbsp;est\u00e1 adornado con fotograf\u00edas e im\u00e1genes de la \u00e9poca de Trujillo, as\u00ed como de im\u00e1genes familiares. &nbsp;<\/p>\n\n\n\n<p>Como un texto enriquecido de an\u00e9cdotas personales, familiares y pol\u00edticas, se puede definir a \u201cMi vida y nuestra historia contempor\u00e1nea\u201d, en la cual los detalles que cuenta su autor llevan a los lectores a conocer una parte fundamental de las \u00faltimas d\u00e9cadas de Rep\u00fablica Dominicana.&nbsp;<\/p>\n\n\n\n<p>La trayectoria pol\u00edtica de Tirso Mej\u00eda-Ricart se remonta a la \u00e9poca de la dictadura de Rafael Le\u00f3nidas Trujillo, en la cual desempe\u00f1\u00f3 un papel opositor desde las filas del glorioso movimiento 14 de Junio.&nbsp;<\/p>\n\n\n\n<figure class=\"wp-block-gallery has-nested-images columns-default is-cropped wp-block-gallery-1 is-layout-flex wp-block-gallery-is-layout-flex\">\n<figure class=\"wp-block-image size-large\"><img decoding=\"async\" data-id=\"9105\" src=\"https:\/\/images.panoramatv.com.do\/wp-content\/uploads\/2023\/04\/11-3-1024x622.jpg\" alt=\"\" class=\"wp-image-9105\"\/><\/figure>\n\n\n\n<figure class=\"wp-block-image size-large\"><img decoding=\"async\" data-id=\"9104\" src=\"https:\/\/images.panoramatv.com.do\/wp-content\/uploads\/2023\/04\/0-13-1024x609.jpg\" alt=\"\" class=\"wp-image-9104\"\/><\/figure>\n<\/figure>\n","protected":false},"excerpt":{"rendered":"<p>La familia de Tirso Mej\u00eda-Ricart present\u00f3 p\u00f3stumamente el libro \u201cMi vida y nuestra historia contempor\u00e1nea\u201d, con el subt\u00edtulo Memorias de un actor sobreviviente, en el cual el destacado historiador, hombre de ciencia y pol\u00edtico, narra su trayectoria marcada por acontecimientos pol\u00edticos y profesionales que lo llevaron a tener roles protag\u00f3nicos en la sociedad dominicana. &nbsp;&nbsp; [&hellip;]<\/p>\n","protected":false},"author":1,"featured_media":9105,"comment_status":"open","ping_status":"open","sticky":false,"template":"","format":"standard","meta":{"_jetpack_memberships_contains_paid_content":false,"footnotes":"","jetpack_publicize_message":"","jetpack_publicize_feature_enabled":true,"jetpack_social_post_already_shared":true,"jetpack_social_options":{"image_generator_settings":{"template":"highway","enabled":false}}},"categories":[10],"tags":[113,1966],"class_list":["post-9103","post","type-post","status-publish","format-standard","has-post-thumbnail","hentry","category-panorama-social","tag-libro","tag-memorias"],"jetpack_publicize_connections":[],"jetpack_sharing_enabled":true,"jetpack_featured_media_url":"https:\/\/panoramatv.com.do\/wp-content\/uploads\/2023\/04\/11-3-1024x622.jpg","jetpack_likes_enabled":true,"jetpack-related-posts":[],"_links":{"self":[{"href":"https:\/\/panoramatv.com.do\/index.php\/wp-json\/wp\/v2\/posts\/9103","targetHints":{"allow":["GET"]}}],"collection":[{"href":"https:\/\/panoramatv.com.do\/index.php\/wp-json\/wp\/v2\/posts"}],"about":[{"href":"https:\/\/panoramatv.com.do\/index.php\/wp-json\/wp\/v2\/types\/post"}],"author":[{"embeddable":true,"href":"https:\/\/panoramatv.com.do\/index.php\/wp-json\/wp\/v2\/users\/1"}],"replies":[{"embeddable":true,"href":"https:\/\/panoramatv.com.do\/index.php\/wp-json\/wp\/v2\/comments?post=9103"}],"version-history":[{"count":0,"href":"https:\/\/panoramatv.com.do\/index.php\/wp-json\/wp\/v2\/posts\/9103\/revisions"}],"wp:featuredmedia":[{"embeddable":true,"href":"https:\/\/panoramatv.com.do\/index.php\/wp-json\/wp\/v2\/media\/9105"}],"wp:attachment":[{"href":"https:\/\/panoramatv.com.do\/index.php\/wp-json\/wp\/v2\/media?parent=9103"}],"wp:term":[{"taxonomy":"category","embeddable":true,"href":"https:\/\/panoramatv.com.do\/index.php\/wp-json\/wp\/v2\/categories?post=9103"},{"taxonomy":"post_tag","embeddable":true,"href":"https:\/\/panoramatv.com.do\/index.php\/wp-json\/wp\/v2\/tags?post=9103"}],"curies":[{"name":"wp","href":"https:\/\/api.w.org\/{rel}","templated":true}]}}