{"id":9026,"date":"2023-04-09T21:06:22","date_gmt":"2023-04-10T01:06:22","guid":{"rendered":"https:\/\/panoramatv.com.do\/?p=9026"},"modified":"2023-04-09T21:08:36","modified_gmt":"2023-04-10T01:08:36","slug":"mitur-y-comunitarios-inician-amplio-operativo-de-limpieza-de-playas-en-cayo-levantado-samana","status":"publish","type":"post","link":"https:\/\/panoramatv.com.do\/index.php\/2023\/04\/09\/mitur-y-comunitarios-inician-amplio-operativo-de-limpieza-de-playas-en-cayo-levantado-samana\/","title":{"rendered":"<strong>Mitur y comunitarios inician amplio operativo de limpieza de playas en Cayo Levantado, Saman\u00e1<\/strong>"},"content":{"rendered":"\n<p><em>Jornadas continuar\u00e1n durante y despu\u00e9s de Semana Santa en coordinaci\u00f3n con la comunidad y hoteles de la zona.<\/em><\/p>\n\n\n\n<p><strong><em>Saman\u00e1.-<\/em><\/strong><em>&nbsp;Con la participaci\u00f3n de unas 350 personas entre voluntarios de instituciones, y residentes de distintas localidades samanenses,<\/em>&nbsp;el&nbsp;Ministerio&nbsp;de&nbsp;Turismo&nbsp;(MITUR) inici\u00f3 este mi\u00e9rcoles en Cayo Levantado, un amplio operativo de limpieza de playas, &nbsp;en toda la zona playera y hotelera del ic\u00f3nico y&nbsp;tur\u00edstico&nbsp;islote de un kil\u00f3metro cuadrado de extensi\u00f3n.<\/p>\n\n\n\n<p>En el operativo, coordinado por Viceministerio de Gesti\u00f3n de Destinos y el Comit\u00e9 Ejecutor de Infraestructura en Zonas Tur\u00edsticas (CEIZTUR) del Mitur, participaron 200 servidores de la instituci\u00f3n y otros 150 voluntarios de entidades estatales y residentes de los distintos municipios de Saman\u00e1.<\/p>\n\n\n\n<p>Cay\u00f3 Levantado es un destino&nbsp;tur\u00edstico&nbsp;\u00fanico que recibe miles de visitantes, especialmente, en la temporada de ballenas, es por lo que, la realizaci\u00f3n de estos operativos es tan importante.<\/p>\n\n\n\n<p>Participaron, adem\u00e1s, del equipo de limpieza de playas, los directores regionales de la instituci\u00f3n, miembros de la Armada, Polic\u00eda Nacional y Politur de la provincia Nordestana.<\/p>\n\n\n\n<p>Hay una disposici\u00f3n del ministro David Collado de hacer estos operativos de limpieza de manera recurrente, para hacer de este espacio un lugar m\u00e1s limpio, seguro y sostenible, para el disfrute de&nbsp;turistas&nbsp;locales y extranjeros.<\/p>\n\n\n\n<p>Previo, durante y posterior al asueto de Semana Santa, las brigadas continuar\u00e1n laborando desde tempranas horas en playas y balnearios de todo el pa\u00eds, garantizando que los miles de&nbsp;turistas&nbsp;que llegan del exterior mes tras mes y durante la Semana Mayor, \u201cencuentren estos lugares recreativos en \u00f3ptimas condiciones\u201d.<\/p>\n\n\n\n<p>Durante el presente mes de marzo, brigadas del&nbsp;Ministerio&nbsp;de&nbsp;Turismo&nbsp;recorren todas las playas y balnearios del pa\u00eds para dejarlos totalmente limpios.<\/p>\n\n\n\n<p>En el caso de las playas que rodean la&nbsp;tur\u00edstica&nbsp;bah\u00eda de Saman\u00e1, m\u00e1s de 300 personas laboran de forma permanente para retirar los desechos y escombros que se encuentran en las mismas, incluyendo tambi\u00e9n, cada una de las playas que se extienden a todo lo largo del municipio de Las Terrenas.<\/p>\n\n\n\n<p>Para la limpieza de la isla adem\u00e1s de la recolecci\u00f3n de escombros, se dispuso del equipo y de las herramientas necesarias, para la poda consciente de \u00e1rboles y corte de ramas secas.<\/p>\n\n\n\n<p>Para la recogida y traslado de escombros y desechos de todo tipo, en operativo tuvo el apoyo de los servicios de una barcaza.<\/p>\n\n\n\n<p>Estos servicios fueron aportados &nbsp;&nbsp;por el Hotel Bah\u00eda Pr\u00edncipe de Cayo Levantado. De la misma manera este hotel y la empresa de excursiones Moto Marina pusieron a disposici\u00f3n sus barcos para trasladar a la isla el personal de limpieza.<\/p>\n\n\n\n<figure class=\"wp-block-image size-large\"><img decoding=\"async\" src=\"https:\/\/images.panoramatv.com.do\/wp-content\/uploads\/2023\/04\/0-1024x683.jpg\" alt=\"\" class=\"wp-image-9032\"\/><\/figure>\n","protected":false},"excerpt":{"rendered":"<p>Jornadas continuar\u00e1n durante y despu\u00e9s de Semana Santa en coordinaci\u00f3n con la comunidad y hoteles de la zona. Saman\u00e1.-&nbsp;Con la participaci\u00f3n de unas 350 personas entre voluntarios de instituciones, y residentes de distintas localidades samanenses,&nbsp;el&nbsp;Ministerio&nbsp;de&nbsp;Turismo&nbsp;(MITUR) inici\u00f3 este mi\u00e9rcoles en Cayo Levantado, un amplio operativo de limpieza de playas, &nbsp;en toda la zona playera y hotelera [&hellip;]<\/p>\n","protected":false},"author":1,"featured_media":9032,"comment_status":"open","ping_status":"open","sticky":false,"template":"","format":"standard","meta":{"_jetpack_memberships_contains_paid_content":false,"footnotes":"","jetpack_publicize_message":"","jetpack_publicize_feature_enabled":true,"jetpack_social_post_already_shared":true,"jetpack_social_options":{"image_generator_settings":{"template":"highway","enabled":false}}},"categories":[44],"tags":[1505],"class_list":["post-9026","post","type-post","status-publish","format-standard","has-post-thumbnail","hentry","category-panorama-turistico","tag-ministerio-de-turismo"],"jetpack_publicize_connections":[],"jetpack_sharing_enabled":true,"jetpack_featured_media_url":"https:\/\/images.panoramatv.com.do\/wp-content\/uploads\/2023\/04\/0-1393x929.jpg","jetpack_likes_enabled":true,"jetpack-related-posts":[],"_links":{"self":[{"href":"https:\/\/panoramatv.com.do\/index.php\/wp-json\/wp\/v2\/posts\/9026"}],"collection":[{"href":"https:\/\/panoramatv.com.do\/index.php\/wp-json\/wp\/v2\/posts"}],"about":[{"href":"https:\/\/panoramatv.com.do\/index.php\/wp-json\/wp\/v2\/types\/post"}],"author":[{"embeddable":true,"href":"https:\/\/panoramatv.com.do\/index.php\/wp-json\/wp\/v2\/users\/1"}],"replies":[{"embeddable":true,"href":"https:\/\/panoramatv.com.do\/index.php\/wp-json\/wp\/v2\/comments?post=9026"}],"version-history":[{"count":0,"href":"https:\/\/panoramatv.com.do\/index.php\/wp-json\/wp\/v2\/posts\/9026\/revisions"}],"wp:featuredmedia":[{"embeddable":true,"href":"https:\/\/panoramatv.com.do\/index.php\/wp-json\/wp\/v2\/media\/9032"}],"wp:attachment":[{"href":"https:\/\/panoramatv.com.do\/index.php\/wp-json\/wp\/v2\/media?parent=9026"}],"wp:term":[{"taxonomy":"category","embeddable":true,"href":"https:\/\/panoramatv.com.do\/index.php\/wp-json\/wp\/v2\/categories?post=9026"},{"taxonomy":"post_tag","embeddable":true,"href":"https:\/\/panoramatv.com.do\/index.php\/wp-json\/wp\/v2\/tags?post=9026"}],"curies":[{"name":"wp","href":"https:\/\/api.w.org\/{rel}","templated":true}]}}