{"id":8962,"date":"2023-03-28T10:40:40","date_gmt":"2023-03-28T14:40:40","guid":{"rendered":"https:\/\/panoramatv.com.do\/?p=8962"},"modified":"2023-03-28T10:40:44","modified_gmt":"2023-03-28T14:40:44","slug":"empresas-dominicanas-exponen-sus-productos-en-expocomer-2023-en-la-ciudad-de-panama","status":"publish","type":"post","link":"https:\/\/panoramatv.com.do\/index.php\/2023\/03\/28\/empresas-dominicanas-exponen-sus-productos-en-expocomer-2023-en-la-ciudad-de-panama\/","title":{"rendered":"Empresas dominicanas exponen sus productos en Expocomer 2023 en la ciudad de Panam\u00e1"},"content":{"rendered":"\n<p>El evento ser\u00e1 realizado del 28 al 30 de marzo en el Panam\u00e1 Convention Center<\/p>\n\n\n\n<p><br>Panam\u00e1. \u2013 El <a href=\"https:\/\/panoramatv.com.do\/index.php\/2023\/02\/15\/prodominicana-y-jad-anuncian-feria-agroalimentaria-2023\/\" title=\"ProDominicana y JAD anuncian Feria Agroalimentaria 2023\">Centro de Exportaci\u00f3n e Inversi\u00f3n de la Rep\u00fablica Dominicana<\/a> (ProDominicana) organiz\u00f3 la participaci\u00f3n de la oferta exportable en la 39 edici\u00f3n de Expocomer 2023, en Panam\u00e1, con el prop\u00f3sito de identificar las oportunidades de negocios en sectores como textiles, accesorios, industria, capilares, entre otros.<\/p>\n\n\n\n<p><br>La directora ejecutiva de ProDominicana, Biviana Riveiro Disla, explic\u00f3 que \u201cesta plataforma ferial promueve contactos, productos y oportunidades de negocios entre los participantes locales e internacionales, convirti\u00e9ndose en el evento multisectorial ideal para la presentaci\u00f3n de nuevos productos y servicios en un \u00e1rea total de exhibici\u00f3n mayor a los 15,500 metros cuadrados, que re\u00fane a m\u00e1s de 600 empresas de m\u00e1s de 30 pa\u00edses\u201d.<\/p>\n\n\n<div class=\"wp-block-image\">\n<figure class=\"aligncenter size-full\"><img decoding=\"async\" src=\"https:\/\/images.panoramatv.com.do\/wp-content\/uploads\/2023\/03\/1be7a5c2-7e1d-4a3c-8356-c63a2f35340a-1024x683.jpg\" alt=\"\" class=\"wp-image-8963\"\/><\/figure>\n<\/div>\n\n\n<p><br>Adem\u00e1s, consider\u00f3 que las ferias internacionales constituyen un gran escaparate comercial y un medio de comunicaci\u00f3n importante entre productores, empresarios y el p\u00fablico en general. \u201cDebemos continuar incrementando la participaci\u00f3n de nuestros productores en estos eventos con el prop\u00f3sito de proseguir dinamizando la econom\u00eda local para el bien de todos los ciudadanos dominicanos\u201d.<br>En ese sentido, para el per\u00edodo 2015-2022 la Rep\u00fablica Dominicana ha exportado un total de US$380,9 millones hacia Panam\u00e1, destac\u00e1ndose el 2022 con un total de US$58.4 millones en exportaciones.<\/p>\n\n\n\n<p><br>Asimismo, los productos con mayor crecimiento interanual hacia la referida naci\u00f3n est\u00e1n: los instrumentos y aparatos de oftalmolog\u00eda, registrando un incremento absoluto en US$12.8 millones adicionales en 2022, seguido por medicamentos con aumento en US$2.3 millones, barra de hierro o acero en US$2.2 millones, m\u00e1quinas y aparatos para envolver mercanc\u00edas con US$2.0 millones adicionales.<\/p>\n\n\n\n<p><br>El Stand de la Rep\u00fablica Dominicana cont\u00f3 con la participaci\u00f3n de las empresas: Efectos LMR, SRL, Utop\u00eda: Del Pozo INTL, SRL, Sarise Cosm\u00e9tica SRL, Tabacalera Estrella SRL, Coral Turquesa, Sante Cigars. Entre los productos a exponer por las compa\u00f1\u00edas dominicanas en la feria se encuentran: joyer\u00eda, textiles, capilares y tabaco.<\/p>\n\n\n\n<p><br>Cabe destacar que, los representantes de las empresas tendr\u00e1n la oportunidad de exponer sus productos hasta el 30 de marzo, asimismo participar en importantes rondas de negocios con la debida asistencia t\u00e9cnica por parte de los representantes de ProDominicana.<\/p>\n\n\n<div class=\"wp-block-image\">\n<figure class=\"aligncenter size-large\"><img decoding=\"async\" src=\"https:\/\/images.panoramatv.com.do\/wp-content\/uploads\/2023\/03\/9ddfb028-44a0-4a5b-b19e-126fb4a014e4-1024x682.jpg\" alt=\"\" class=\"wp-image-8964\"\/><\/figure>\n<\/div>","protected":false},"excerpt":{"rendered":"<p>El evento ser\u00e1 realizado del 28 al 30 de marzo en el Panam\u00e1 Convention Center Panam\u00e1. \u2013 El Centro de Exportaci\u00f3n e Inversi\u00f3n de la Rep\u00fablica Dominicana (ProDominicana) organiz\u00f3 la participaci\u00f3n de la oferta exportable en la 39 edici\u00f3n de Expocomer 2023, en Panam\u00e1, con el prop\u00f3sito de identificar las oportunidades de negocios en sectores [&hellip;]<\/p>\n","protected":false},"author":1,"featured_media":8964,"comment_status":"open","ping_status":"open","sticky":false,"template":"","format":"standard","meta":{"_jetpack_memberships_contains_paid_content":false,"footnotes":"","jetpack_publicize_message":"","jetpack_publicize_feature_enabled":true,"jetpack_social_post_already_shared":true,"jetpack_social_options":{"image_generator_settings":{"template":"highway","enabled":false}}},"categories":[1],"tags":[1959,388],"class_list":["post-8962","post","type-post","status-publish","format-standard","has-post-thumbnail","hentry","category-actualidad","tag-expocomer","tag-prodominicana"],"jetpack_publicize_connections":[],"jetpack_sharing_enabled":true,"jetpack_featured_media_url":"https:\/\/panoramatv.com.do\/wp-content\/uploads\/2023\/03\/9ddfb028-44a0-4a5b-b19e-126fb4a014e4-1600x1066.jpg","jetpack_likes_enabled":true,"jetpack-related-posts":[],"_links":{"self":[{"href":"https:\/\/panoramatv.com.do\/index.php\/wp-json\/wp\/v2\/posts\/8962","targetHints":{"allow":["GET"]}}],"collection":[{"href":"https:\/\/panoramatv.com.do\/index.php\/wp-json\/wp\/v2\/posts"}],"about":[{"href":"https:\/\/panoramatv.com.do\/index.php\/wp-json\/wp\/v2\/types\/post"}],"author":[{"embeddable":true,"href":"https:\/\/panoramatv.com.do\/index.php\/wp-json\/wp\/v2\/users\/1"}],"replies":[{"embeddable":true,"href":"https:\/\/panoramatv.com.do\/index.php\/wp-json\/wp\/v2\/comments?post=8962"}],"version-history":[{"count":0,"href":"https:\/\/panoramatv.com.do\/index.php\/wp-json\/wp\/v2\/posts\/8962\/revisions"}],"wp:featuredmedia":[{"embeddable":true,"href":"https:\/\/panoramatv.com.do\/index.php\/wp-json\/wp\/v2\/media\/8964"}],"wp:attachment":[{"href":"https:\/\/panoramatv.com.do\/index.php\/wp-json\/wp\/v2\/media?parent=8962"}],"wp:term":[{"taxonomy":"category","embeddable":true,"href":"https:\/\/panoramatv.com.do\/index.php\/wp-json\/wp\/v2\/categories?post=8962"},{"taxonomy":"post_tag","embeddable":true,"href":"https:\/\/panoramatv.com.do\/index.php\/wp-json\/wp\/v2\/tags?post=8962"}],"curies":[{"name":"wp","href":"https:\/\/api.w.org\/{rel}","templated":true}]}}