{"id":8954,"date":"2023-03-27T14:35:18","date_gmt":"2023-03-27T18:35:18","guid":{"rendered":"https:\/\/panoramatv.com.do\/?p=8954"},"modified":"2023-03-27T14:35:26","modified_gmt":"2023-03-27T18:35:26","slug":"organizaciones-latinoamericanas-y-caribenas-arremeten-contra-la-cumbre-de-jefas-y-jefes-de-estado","status":"publish","type":"post","link":"https:\/\/panoramatv.com.do\/index.php\/2023\/03\/27\/organizaciones-latinoamericanas-y-caribenas-arremeten-contra-la-cumbre-de-jefas-y-jefes-de-estado\/","title":{"rendered":"Organizaciones latinoamericanas y caribe\u00f1as arremeten contra la Cumbre de Jefas y Jefes de Estado"},"content":{"rendered":"\n<p>Tambi\u00e9n expresan su escepticismo respecto a la Carta Medioambiental Iberoamericana, presentada en la declaraci\u00f3n de Santo Domingo, como parte del cierre de ese c\u00f3nclave.<\/p>\n\n\n\n<p>Organizaciones Latinoamericanas y Caribe\u00f1as comprometidas con la defensa del medio ambiente expresaron su escepticismo respecto a los efectos positivos y a la sinceridad de la Carta medioambiental Iberoamericana presentada como parte del cierre de la Cumbre Iberoamericana de Jefas y Jefes de Estado y de Gobierno que se desarroll\u00f3 en la Rep\u00fablica Dominicana.<\/p>\n\n\n\n<p>A trav\u00e9s de un comunicado, las organizaciones demanda medidas reales que frenen el avance de todas las formas de producci\u00f3n que destruyen el ambiente, haciendo \u00e9nfasis en la que tiene que ver con el freno de la deforestaci\u00f3n, los monocultivos de soja, ma\u00edz, arroz, palma aceitera, eucaliptos, y la producci\u00f3n no sostenible de carne.<\/p>\n\n\n\n<p>\u00a8Demandamos una agenda por la justicia clim\u00e1tica orientada hacia un cambio del actual sistema y a la vigencia de los derechos humanos\u00a8, expresaron Dar\u00edo Solano, de la Red Dominicana de Estudios y Empoderamiento Afrodescendiente (RedAfros), el chileno Eduardo Giesen, coordinador de Justicia clim\u00e1tico para Latinoamerica, y el peruano Osver Polo, vocero del Movimiento Ciudadano frennte al Cambio Clim\u00e1tico (Moccicc).<\/p>\n\n\n\n<p>Se\u00f1alan que deben asumirse responsabilidades comunes y diferenciadas; ya que debe quedar claro que los pa\u00edses desarrollados son los mayores responsables de esta crisis. \u00a8Basta de cargar la responsabilidad de emisiones a los pa\u00edses en desarrollo que son los m\u00e1s afectados y vulnerables al cambio clim\u00e1tico\u00a8, subrayan..<\/p>\n\n\n<div class=\"wp-block-image\">\n<figure class=\"aligncenter size-full\"><img decoding=\"async\" src=\"https:\/\/images.panoramatv.com.do\/wp-content\/uploads\/2023\/03\/2d7999ea-8427-4c1d-9970-ad8c99a5bd28-1024x683.jpg\" alt=\"\" class=\"wp-image-8955\"\/><figcaption>Organizaciones latinoamericanas y caribe\u00f1as arremeten contra la Cumbre de Jefas y Jefes de Estado <\/figcaption><\/figure>\n<\/div>\n\n\n<p><\/p>\n\n\n\n<p><\/p>\n\n\n\n<p><\/p>\n\n\n\n<p><\/p>\n\n\n\n<p><\/p>\n\n\n\n<p><\/p>\n","protected":false},"excerpt":{"rendered":"<p>Tambi\u00e9n expresan su escepticismo respecto a la Carta Medioambiental Iberoamericana, presentada en la declaraci\u00f3n de Santo Domingo, como parte del cierre de ese c\u00f3nclave. Organizaciones Latinoamericanas y Caribe\u00f1as comprometidas con la defensa del medio ambiente expresaron su escepticismo respecto a los efectos positivos y a la sinceridad de la Carta medioambiental Iberoamericana presentada como parte [&hellip;]<\/p>\n","protected":false},"author":1,"featured_media":8955,"comment_status":"open","ping_status":"open","sticky":false,"template":"","format":"standard","meta":{"_jetpack_memberships_contains_paid_content":false,"footnotes":"","jetpack_publicize_message":"","jetpack_publicize_feature_enabled":true,"jetpack_social_post_already_shared":true,"jetpack_social_options":{"image_generator_settings":{"template":"highway","enabled":false}}},"categories":[1],"tags":[1955],"class_list":["post-8954","post","type-post","status-publish","format-standard","has-post-thumbnail","hentry","category-actualidad","tag-cumbre"],"jetpack_publicize_connections":[],"jetpack_sharing_enabled":true,"jetpack_featured_media_url":"https:\/\/panoramatv.com.do\/wp-content\/uploads\/2023\/03\/2d7999ea-8427-4c1d-9970-ad8c99a5bd28-1024x683.jpg","jetpack_likes_enabled":true,"jetpack-related-posts":[],"_links":{"self":[{"href":"https:\/\/panoramatv.com.do\/index.php\/wp-json\/wp\/v2\/posts\/8954","targetHints":{"allow":["GET"]}}],"collection":[{"href":"https:\/\/panoramatv.com.do\/index.php\/wp-json\/wp\/v2\/posts"}],"about":[{"href":"https:\/\/panoramatv.com.do\/index.php\/wp-json\/wp\/v2\/types\/post"}],"author":[{"embeddable":true,"href":"https:\/\/panoramatv.com.do\/index.php\/wp-json\/wp\/v2\/users\/1"}],"replies":[{"embeddable":true,"href":"https:\/\/panoramatv.com.do\/index.php\/wp-json\/wp\/v2\/comments?post=8954"}],"version-history":[{"count":0,"href":"https:\/\/panoramatv.com.do\/index.php\/wp-json\/wp\/v2\/posts\/8954\/revisions"}],"wp:featuredmedia":[{"embeddable":true,"href":"https:\/\/panoramatv.com.do\/index.php\/wp-json\/wp\/v2\/media\/8955"}],"wp:attachment":[{"href":"https:\/\/panoramatv.com.do\/index.php\/wp-json\/wp\/v2\/media?parent=8954"}],"wp:term":[{"taxonomy":"category","embeddable":true,"href":"https:\/\/panoramatv.com.do\/index.php\/wp-json\/wp\/v2\/categories?post=8954"},{"taxonomy":"post_tag","embeddable":true,"href":"https:\/\/panoramatv.com.do\/index.php\/wp-json\/wp\/v2\/tags?post=8954"}],"curies":[{"name":"wp","href":"https:\/\/api.w.org\/{rel}","templated":true}]}}