{"id":8884,"date":"2023-03-21T19:45:32","date_gmt":"2023-03-21T23:45:32","guid":{"rendered":"https:\/\/panoramatv.com.do\/?p=8884"},"modified":"2023-03-21T19:45:35","modified_gmt":"2023-03-21T23:45:35","slug":"energia-y-minas-y-uteco-unen-esfuerzos-para-expandir-conocimiento-sobre-mineria","status":"publish","type":"post","link":"https:\/\/panoramatv.com.do\/index.php\/2023\/03\/21\/energia-y-minas-y-uteco-unen-esfuerzos-para-expandir-conocimiento-sobre-mineria\/","title":{"rendered":"Energ\u00eda y Minas y UTECO unen esfuerzos para expandir conocimiento sobre miner\u00eda"},"content":{"rendered":"\n<p>El <a href=\"https:\/\/panoramatv.com.do\/index.php\/2023\/03\/07\/energia-y-minas-y-ministerio-de-educacion-instalaran-paneles-solares-en-mas-de-300-escuelas-del-pais\/\" title=\"Energ\u00eda y Minas y Ministerio de Educaci\u00f3n instalar\u00e1n paneles solares en m\u00e1s de 300 escuelas del pa\u00eds\">Ministerio de Energ\u00eda y Minas <\/a>(MEM) y la Universidad Tecnol\u00f3gica del Cibao Oriental (UTECO) iniciaron el Curso-Taller de Miner\u00eda para Periodistas, una capacitaci\u00f3n que procura facilitar el entendimiento sobre la industria extractiva y los importantes aportes que hace al desarrollo social y la econom\u00eda nacional.<\/p>\n\n\n\n<p>El programa formativo, que inici\u00f3 el pasado s\u00e1bado y culminar\u00e1 el primero de abril, est\u00e1 dirigido a periodistas y l\u00edderes de opini\u00f3n de las provincias Monse\u00f1or Nouel, La Vega, S\u00e1nchez Ram\u00edrez y Mar\u00eda Trinidad S\u00e1nchez.<\/p>\n\n\n\n<p>El acto de apertura estuvo encabezado por la rectora de UTECO, Maril\u00edn D\u00edaz, y el viceministro de Minas, Miguel \u00c1ngel D\u00edaz, quien represent\u00f3 en la actividad al ministro de Energ\u00eda y Minas, Antonio Almonte.<\/p>\n\n\n\n<p>Al pronunciar su discurso, la rectora de UTECO expres\u00f3 que esa universidad es la \u00fanica instituci\u00f3n en el pa\u00eds que ofrece la carrera de geolog\u00eda en su pensum acad\u00e9mico y que, como aliada de la excelencia, est\u00e1 impactando dentro y fuera del pa\u00eds a trav\u00e9s de sus egresados.<\/p>\n\n\n\n<p>Plante\u00f3 que la casa de altos estudios se identifica plenamente con la miner\u00eda sostenible y que respeta el medioambiente, as\u00ed como con la relevancia de explicar a la ciudadan\u00eda qu\u00e9 son los recursos mineros y c\u00f3mo \u201cpodemos aprovecharlos para generar riqueza y bienestar en la sociedad\u201d.<\/p>\n\n\n\n<p>\u201cVamos a hacerle saber a la gente que la miner\u00eda es importante para el desarrollo\u201d, enfatiz\u00f3 la rectora de UTECO, tras indicar que es un compromiso institucional.<\/p>\n\n\n\n<p>De su lado, el viceministro Miguel \u00c1ngel D\u00edaz explic\u00f3 que la idea de impartir el Curso-Taller de Miner\u00eda para Periodistas es el resultado de una feliz coincidencia de valores e intereses entre el MEM y UTECO.<\/p>\n\n\n\n<p>\u201cEl Gobierno apoya la miner\u00eda responsable\u201d, declar\u00f3 el funcionario, para luego indicar que el mundo vive en una era de mucha desinformaci\u00f3n, lo que demanda de las autoridades y los l\u00edderes \u201cofrecer m\u00e1s datos y elementos de juicio que permitan a la ciudadan\u00eda tener un conocimiento id\u00f3neo acerca de la actividad minera.<\/p>\n\n\n\n<p>El curso tendr\u00e1 una duraci\u00f3n de 18 horas, que ser\u00e1n distribuidas en tres semanas de estudio. El contenido del programa est\u00e1 conformado por cuatro m\u00f3dulos de charlas y conferencias, as\u00ed como una visita de campo a una empresa minera.<\/p>\n\n\n\n<p>Entre los temas que se abordar\u00e1n figuran: Miner\u00eda sostenible; Funciones de las autoridades mineras; Potencial minero de Rep\u00fablica Dominicana; Transparencia de la industria extractiva; Estudios de Impacto Ambiental; Agua y miner\u00eda; Presa de cola y Seguridad minera.<\/p>\n\n\n\n<p>La apertura del curso cont\u00f3 con la presencia del ingeniero Rolando Mu\u00f1oz, director general de Miner\u00eda; Miguel Pe\u00f1a, asesor minero del Poder Ejecutivo; Edwin Garc\u00eda; director del Servicio Geol\u00f3gico Nacional; Gustavo Mej\u00eda Ricart, director de Relaciones Internacionales del MEM y Marco P\u00e9rez, ingeniero ge\u00f3logo de minas.<\/p>\n\n\n<div class=\"wp-block-image\">\n<figure class=\"aligncenter size-large\"><img decoding=\"async\" src=\"https:\/\/images.panoramatv.com.do\/wp-content\/uploads\/2023\/03\/0-38-1024x747.jpg\" alt=\"\" class=\"wp-image-8885\"\/><\/figure><\/div>","protected":false},"excerpt":{"rendered":"<p>El Ministerio de Energ\u00eda y Minas (MEM) y la Universidad Tecnol\u00f3gica del Cibao Oriental (UTECO) iniciaron el Curso-Taller de Miner\u00eda para Periodistas, una capacitaci\u00f3n que procura facilitar el entendimiento sobre la industria extractiva y los importantes aportes que hace al desarrollo social y la econom\u00eda nacional. El programa formativo, que inici\u00f3 el pasado s\u00e1bado y [&hellip;]<\/p>\n","protected":false},"author":1,"featured_media":8885,"comment_status":"open","ping_status":"open","sticky":false,"template":"","format":"standard","meta":{"_jetpack_memberships_contains_paid_content":false,"footnotes":"","jetpack_publicize_message":"","jetpack_publicize_feature_enabled":true,"jetpack_social_post_already_shared":true,"jetpack_social_options":{"image_generator_settings":{"template":"highway","enabled":false}}},"categories":[1],"tags":[279],"class_list":["post-8884","post","type-post","status-publish","format-standard","has-post-thumbnail","hentry","category-actualidad","tag-ministerio-energia-y-minas"],"jetpack_publicize_connections":[],"jetpack_sharing_enabled":true,"jetpack_featured_media_url":"https:\/\/images.panoramatv.com.do\/wp-content\/uploads\/2023\/03\/0-38-1180x861.jpg","jetpack_likes_enabled":true,"jetpack-related-posts":[],"_links":{"self":[{"href":"https:\/\/panoramatv.com.do\/index.php\/wp-json\/wp\/v2\/posts\/8884"}],"collection":[{"href":"https:\/\/panoramatv.com.do\/index.php\/wp-json\/wp\/v2\/posts"}],"about":[{"href":"https:\/\/panoramatv.com.do\/index.php\/wp-json\/wp\/v2\/types\/post"}],"author":[{"embeddable":true,"href":"https:\/\/panoramatv.com.do\/index.php\/wp-json\/wp\/v2\/users\/1"}],"replies":[{"embeddable":true,"href":"https:\/\/panoramatv.com.do\/index.php\/wp-json\/wp\/v2\/comments?post=8884"}],"version-history":[{"count":0,"href":"https:\/\/panoramatv.com.do\/index.php\/wp-json\/wp\/v2\/posts\/8884\/revisions"}],"wp:featuredmedia":[{"embeddable":true,"href":"https:\/\/panoramatv.com.do\/index.php\/wp-json\/wp\/v2\/media\/8885"}],"wp:attachment":[{"href":"https:\/\/panoramatv.com.do\/index.php\/wp-json\/wp\/v2\/media?parent=8884"}],"wp:term":[{"taxonomy":"category","embeddable":true,"href":"https:\/\/panoramatv.com.do\/index.php\/wp-json\/wp\/v2\/categories?post=8884"},{"taxonomy":"post_tag","embeddable":true,"href":"https:\/\/panoramatv.com.do\/index.php\/wp-json\/wp\/v2\/tags?post=8884"}],"curies":[{"name":"wp","href":"https:\/\/api.w.org\/{rel}","templated":true}]}}