{"id":8207,"date":"2023-01-04T09:44:55","date_gmt":"2023-01-04T13:44:55","guid":{"rendered":"https:\/\/panoramatv.com.do\/?p=8207"},"modified":"2023-01-04T09:44:58","modified_gmt":"2023-01-04T13:44:58","slug":"presidente-abinader-asigna-rd-2-mil-millones-adicionales-a-presupuesto-2023-jce-monto-representa-35-mas-del-presupuesto-total-de-la-junta-para-el-ano-2019","status":"publish","type":"post","link":"https:\/\/panoramatv.com.do\/index.php\/2023\/01\/04\/presidente-abinader-asigna-rd-2-mil-millones-adicionales-a-presupuesto-2023-jce-monto-representa-35-mas-del-presupuesto-total-de-la-junta-para-el-ano-2019\/","title":{"rendered":"Presidente Abinader asigna RD$ 2 mil millones adicionales a presupuesto 2023 JCE; monto representa 35% m\u00e1s del presupuesto total de la Junta para el a\u00f1o 2019"},"content":{"rendered":"\n<p>El presidente de la Rep\u00fablica Dominicana, <a href=\"https:\/\/panoramatv.com.do\/index.php\/2022\/12\/06\/el-presidente-luis-abinader-y-el-ministro-david-collado-dejan-inaugurada-varias-obras-en-miches\/\" title=\"<strong&gt;El presidente Luis Abinader y el ministro David Collado dejan inaugurada varias obras en Miches<\/strong&gt;\">Luis Abinader<\/a>, ha asignado 2 mil millones de pesos adicionales al presupuesto de la Junta Central Electoral (JCE) para el a\u00f1o 2023, lo que representa un incremento del 35% del presupuesto total de la JCE para 2019. De esta cantidad, 1,500 millones ser\u00e1n utilizados para el manejo de los procesos electorales, mientras que 500 millones se utilizar\u00e1n para compensar el d\u00e9ficit de 2022. <\/p>\n\n\n\n<p>En total, el presupuesto de la JCE para este a\u00f1o ser\u00e1 de 4,500 millones de pesos. El <a href=\"https:\/\/panoramatv.com.do\/index.php\/2022\/11\/28\/pleno-jce-presenta-calendario-electoral-procesos-electorales-de-2024\/\" title=\"Pleno JCE presenta calendario electoral procesos electorales de 2024\">presidente de la JCE<\/a>, Rom\u00e1n J\u00e1quez Liranzo, tambi\u00e9n anunci\u00f3 planes para digitalizar el registro civil y crear un marco regulatorio electoral adecuado.<\/p>\n\n\n<div class=\"wp-block-image\">\n<figure class=\"aligncenter size-full\"><img decoding=\"async\" src=\"https:\/\/images.panoramatv.com.do\/wp-content\/uploads\/2023\/01\/02b416ff-7283-4ba1-873c-26ec026e21b9-1024x682.jpg\" alt=\"\" class=\"wp-image-8208\"\/><\/figure>\n<\/div>","protected":false},"excerpt":{"rendered":"<p>El presidente de la Rep\u00fablica Dominicana, Luis Abinader, ha asignado 2 mil millones de pesos adicionales al presupuesto de la Junta Central Electoral (JCE) para el a\u00f1o 2023, lo que representa un incremento del 35% del presupuesto total de la JCE para 2019. De esta cantidad, 1,500 millones ser\u00e1n utilizados para el manejo de los [&hellip;]<\/p>\n","protected":false},"author":1,"featured_media":8208,"comment_status":"open","ping_status":"open","sticky":false,"template":"","format":"standard","meta":{"_jetpack_memberships_contains_paid_content":false,"footnotes":"","jetpack_publicize_message":"","jetpack_publicize_feature_enabled":true,"jetpack_social_post_already_shared":true,"jetpack_social_options":{"image_generator_settings":{"template":"highway","enabled":false}}},"categories":[1],"tags":[37,1404],"class_list":["post-8207","post","type-post","status-publish","format-standard","has-post-thumbnail","hentry","category-actualidad","tag-jce","tag-presupuesto"],"jetpack_publicize_connections":[],"jetpack_sharing_enabled":true,"jetpack_featured_media_url":"https:\/\/panoramatv.com.do\/wp-content\/uploads\/2023\/01\/02b416ff-7283-4ba1-873c-26ec026e21b9-1024x682.jpg","jetpack_likes_enabled":true,"jetpack-related-posts":[],"_links":{"self":[{"href":"https:\/\/panoramatv.com.do\/index.php\/wp-json\/wp\/v2\/posts\/8207","targetHints":{"allow":["GET"]}}],"collection":[{"href":"https:\/\/panoramatv.com.do\/index.php\/wp-json\/wp\/v2\/posts"}],"about":[{"href":"https:\/\/panoramatv.com.do\/index.php\/wp-json\/wp\/v2\/types\/post"}],"author":[{"embeddable":true,"href":"https:\/\/panoramatv.com.do\/index.php\/wp-json\/wp\/v2\/users\/1"}],"replies":[{"embeddable":true,"href":"https:\/\/panoramatv.com.do\/index.php\/wp-json\/wp\/v2\/comments?post=8207"}],"version-history":[{"count":0,"href":"https:\/\/panoramatv.com.do\/index.php\/wp-json\/wp\/v2\/posts\/8207\/revisions"}],"wp:featuredmedia":[{"embeddable":true,"href":"https:\/\/panoramatv.com.do\/index.php\/wp-json\/wp\/v2\/media\/8208"}],"wp:attachment":[{"href":"https:\/\/panoramatv.com.do\/index.php\/wp-json\/wp\/v2\/media?parent=8207"}],"wp:term":[{"taxonomy":"category","embeddable":true,"href":"https:\/\/panoramatv.com.do\/index.php\/wp-json\/wp\/v2\/categories?post=8207"},{"taxonomy":"post_tag","embeddable":true,"href":"https:\/\/panoramatv.com.do\/index.php\/wp-json\/wp\/v2\/tags?post=8207"}],"curies":[{"name":"wp","href":"https:\/\/api.w.org\/{rel}","templated":true}]}}