{"id":8090,"date":"2022-12-07T08:36:56","date_gmt":"2022-12-07T12:36:56","guid":{"rendered":"https:\/\/panoramatv.com.do\/?p=8090"},"modified":"2022-12-07T08:36:59","modified_gmt":"2022-12-07T12:36:59","slug":"cruzamiento-de-la-hispanica-orden-ecuestre-del-encuentro-de-las-americas","status":"publish","type":"post","link":"https:\/\/panoramatv.com.do\/index.php\/2022\/12\/07\/cruzamiento-de-la-hispanica-orden-ecuestre-del-encuentro-de-las-americas\/","title":{"rendered":"Cruzamiento de la Hisp\u00e1nica Orden Ecuestre del encuentro de las Am\u00e9ricas"},"content":{"rendered":"\n<p class=\"wp-block-paragraph\">El pasado s\u00e1bado se celebr\u00f3 el Solemne Acto de Cruzamiento de nuevos Caballeros y Damas de la Hisp\u00e1nica Orden Ecuestre del Encuentro de las Am\u00e9ricas, en el Imperial Convento de la Orden de Predicadores de la Ciudad Primada de Santo Domingo de Guzm\u00e1n.<\/p>\n\n\n\n<p class=\"wp-block-paragraph\">El Acto se realiz\u00f3 en la Capilla de Nuestra Se\u00f1ora del Rosario de la Imperial Iglesia Conventual, contando con la participaci\u00f3n del Prior del Imperial Convento Fray Jos\u00e9 Hernando, O.P.<\/p>\n\n\n\n<p class=\"wp-block-paragraph\">La Hisp\u00e1nica Orden Ecuestre del Encuentro de las Am\u00e9ricas tiene sus or\u00edgenes en el a\u00f1o 1994, en el marco de la conmemoraci\u00f3n del V Centenario del Encuentro de las Am\u00e9ricas, por iniciativa de los reconocidos Caballeros Hispanoamericanos el Se\u00f1or Geo Ripley y el Doctor H\u00e9ctor Jos\u00e9 Steffani.<\/p>\n\n\n\n<p class=\"wp-block-paragraph\">Desde 2019 est\u00e1 presidida por el Doctor Miguel Dongil y S\u00e1nchez, Duque de Dongil y Gran Maestre de la Orden, quien es asistido por los referidos Caballeros (en su calidad de Canciller y Vice-Canciller).<\/p>\n\n\n\n<p class=\"wp-block-paragraph\">Por la importancia de la Orden en el fomento de los valores y el hermanamiento de los Pueblos de la Hispanidad, la preservaci\u00f3n del Patrimonio Hist\u00f3rico y Cultural y la difusi\u00f3n de los Valores e Ideales de la antigua Caballer\u00eda Cristiana, cuenta como Capell\u00e1n Mayor de Honor con el Sr. Arzobispo Em\u00e9rito de Santiago de los Caballeros desde el a\u00f1o 2020.<\/p>\n\n\n\n<p class=\"wp-block-paragraph\">Entre las personalidades que integran los Caballeros y Damas de la Orden cabe destacar (entre otros) a la Sra. Tania del Carmen Fabi\u00e1n Bautista de Steffani Vice-Presidente de la Federaci\u00f3n Canina Dominicana, la Sra. M\u00f3nica Guti\u00e9rrez Fiallo Directora del Museo de las Atarazanas Reales, y Productora programas Entre Puntos y Contexto, la Dra. Hanny Charlotte Mateo Goicoechea, Notario del Ilustre Colegio de Notarios de la Rep\u00fablica Dominicana, la Sra. Yuliet Rodr\u00edguez Morales Duquesa Consorte de Dongil, el Sr. Luis Jos\u00e9 Prieto Nouel Presidente <em>Ad-Vitam<\/em> de la Academia Dominicana de Genealog\u00eda y Her\u00e1ldica y la Sra. Fior Daliza Mateo de Ripley Miembro Fundador de la Sociedad Her\u00e1ldica y Bibliogr\u00e1fica de la Rep\u00fablica Dominicana.<\/p>\n\n\n\n<p class=\"wp-block-paragraph\">La Orden tiene en desarrollo varios proyectos de \u00edndole cultural y asistencial en la Rep\u00fablica Dominicana y el Continente Americano, para el cumplimiento de sus fines.<\/p>\n\n\n\n<p class=\"wp-block-paragraph\">Est\u00e1 prevista la organizaci\u00f3n y celebraci\u00f3n de un nuevo Cruzamiento de Caballeros y Damas, a celebrarse en Santo Domingo de Guzm\u00e1n, para el pr\u00f3ximo a\u00f1o 2023.<\/p>\n\n\n\n<figure class=\"wp-block-gallery has-nested-images columns-default is-cropped wp-block-gallery-1 is-layout-flex wp-block-gallery-is-layout-flex\">\n<figure class=\"wp-block-image size-large\"><img decoding=\"async\" data-id=\"8091\" src=\"https:\/\/images.panoramatv.com.do\/wp-content\/uploads\/2022\/12\/fc47f34b-7fdf-4f69-b498-ee7717e071b9-1024x641.jpg\" alt=\"\" class=\"wp-image-8091\"\/><\/figure>\n\n\n\n<figure class=\"wp-block-image size-large\"><img decoding=\"async\" data-id=\"8092\" src=\"https:\/\/images.panoramatv.com.do\/wp-content\/uploads\/2022\/12\/1f812a3c-5801-4db7-a9ca-be9cbf71b84e-1024x656.jpg\" alt=\"\" class=\"wp-image-8092\"\/><\/figure>\n<\/figure>\n","protected":false},"excerpt":{"rendered":"<p>El pasado s\u00e1bado se celebr\u00f3 el Solemne Acto de Cruzamiento de nuevos Caballeros y Damas de la Hisp\u00e1nica Orden Ecuestre del Encuentro de las Am\u00e9ricas, en el Imperial Convento de la Orden de Predicadores de la Ciudad Primada de Santo Domingo de Guzm\u00e1n. El Acto se realiz\u00f3 en la Capilla de Nuestra Se\u00f1ora del Rosario [&hellip;]<\/p>\n","protected":false},"author":1,"featured_media":8091,"comment_status":"open","ping_status":"open","sticky":false,"template":"","format":"standard","meta":{"_jetpack_memberships_contains_paid_content":false,"footnotes":"","jetpack_publicize_message":"","jetpack_publicize_feature_enabled":true,"jetpack_social_post_already_shared":true,"jetpack_social_options":{"image_generator_settings":{"template":"highway","enabled":false}}},"categories":[1],"tags":[1837,1838],"class_list":["post-8090","post","type-post","status-publish","format-standard","has-post-thumbnail","hentry","category-actualidad","tag-americas","tag-orden-ecuestre"],"jetpack_publicize_connections":[],"jetpack_sharing_enabled":true,"jetpack_featured_media_url":"https:\/\/panoramatv.com.do\/wp-content\/uploads\/2022\/12\/fc47f34b-7fdf-4f69-b498-ee7717e071b9-1040x651.jpg","jetpack_likes_enabled":true,"jetpack-related-posts":[],"_links":{"self":[{"href":"https:\/\/panoramatv.com.do\/index.php\/wp-json\/wp\/v2\/posts\/8090","targetHints":{"allow":["GET"]}}],"collection":[{"href":"https:\/\/panoramatv.com.do\/index.php\/wp-json\/wp\/v2\/posts"}],"about":[{"href":"https:\/\/panoramatv.com.do\/index.php\/wp-json\/wp\/v2\/types\/post"}],"author":[{"embeddable":true,"href":"https:\/\/panoramatv.com.do\/index.php\/wp-json\/wp\/v2\/users\/1"}],"replies":[{"embeddable":true,"href":"https:\/\/panoramatv.com.do\/index.php\/wp-json\/wp\/v2\/comments?post=8090"}],"version-history":[{"count":0,"href":"https:\/\/panoramatv.com.do\/index.php\/wp-json\/wp\/v2\/posts\/8090\/revisions"}],"wp:featuredmedia":[{"embeddable":true,"href":"https:\/\/panoramatv.com.do\/index.php\/wp-json\/wp\/v2\/media\/8091"}],"wp:attachment":[{"href":"https:\/\/panoramatv.com.do\/index.php\/wp-json\/wp\/v2\/media?parent=8090"}],"wp:term":[{"taxonomy":"category","embeddable":true,"href":"https:\/\/panoramatv.com.do\/index.php\/wp-json\/wp\/v2\/categories?post=8090"},{"taxonomy":"post_tag","embeddable":true,"href":"https:\/\/panoramatv.com.do\/index.php\/wp-json\/wp\/v2\/tags?post=8090"}],"curies":[{"name":"wp","href":"https:\/\/api.w.org\/{rel}","templated":true}]}}