{"id":797,"date":"2020-09-29T18:37:29","date_gmt":"2020-09-29T18:37:29","guid":{"rendered":"http:\/\/panoramatv.com.do\/?p=797"},"modified":"2020-09-29T18:37:36","modified_gmt":"2020-09-29T18:37:36","slug":"asi-funcionara-el-plan-de-incentivo-al-turismo-interno","status":"publish","type":"post","link":"https:\/\/panoramatv.com.do\/index.php\/2020\/09\/29\/asi-funcionara-el-plan-de-incentivo-al-turismo-interno\/","title":{"rendered":"As\u00ed funcionar\u00e1 el plan de incentivo al turismo interno"},"content":{"rendered":"\n<div class=\"wp-block-image\"><figure class=\"alignleft size-large is-resized\"><img loading=\"lazy\" decoding=\"async\" src=\"https:\/\/images.panoramatv.com.do\/wp-content\/uploads\/2020\/09\/202009231307331-680x410-1.jpg\" alt=\"\" class=\"wp-image-798\" width=\"445\" height=\"268\"\/><figcaption> Presidente de la Rep\u00fablica, Luis Abinader <\/figcaption><\/figure><\/div>\n\n\n\n<p>El presidente de la Rep\u00fablica, Luis Abinader, inform\u00f3 este mi\u00e9rcoles que el incentivo del turismo interno iniciar\u00e1 su primera fase el pr\u00f3ximo lunes 28 de septiembre para que las familias dominicanas tengan tarifas casi al costo para visitar por tres d\u00edas y dos noches de hoteles de clase mundial en el pa\u00eds.<\/p>\n\n\n\n<p>Agreg\u00f3 que la banca dominicana, a trav\u00e9s de financiamiento,&nbsp;<strong>dar\u00e1 acceso a este plan que fue realizado en conjunto con los agentes de viajes<\/strong>, los bancos, los turoperadores y autoridades del sector tur\u00edstico p\u00fablico y privado.<\/p>\n\n\n\n<p>Dijo que el incentivo es sin\u00f3nimo de alianzas entre el sector p\u00fablico y privado y que tiene el objetivo de que las familias disfruten de un ambiente diferente y recarguen las pilas en esta situaci\u00f3n de crisis econ\u00f3mica y sanitaria.<\/p>\n\n\n\n<p><strong>El ministro de Turismo, David Collado,<\/strong>&nbsp;dijo que la banca dar\u00e1 una tasa preferencial, donde el cliente no pagar\u00e1 intereses de seis a 12 meses, y los bancos subsidiar\u00e1n esta parte.<\/p>\n\n\n\n<p>\u201cTenemos hoteles de cinco estrellas desde US$39 d\u00f3lares\u201d, agreg\u00f3 Collado, quien present\u00f3 la primera fase del plan de recuperaci\u00f3n de turismo interno responsable junto al presidente Abinader.<\/p>\n\n\n\n<p>Estuvieron presentes en la presentaci\u00f3n del plan la presidenta la&nbsp;<strong>Asociaci\u00f3n de Hoteles y Turismo de Rep\u00fablica Dominicana (Asonahores)<\/strong>, Paola Rainieri; representantes de los bancos Banreservas, Popular y BHD-Le\u00f3n, as\u00ed como hoteleros y otros actores del sector tur\u00edstico.<\/p>\n","protected":false},"excerpt":{"rendered":"<p>El presidente de la Rep\u00fablica, Luis Abinader, inform\u00f3 este mi\u00e9rcoles que el incentivo del turismo interno iniciar\u00e1 su primera fase el pr\u00f3ximo lunes 28 de septiembre para que las familias dominicanas tengan tarifas casi al costo para visitar por tres d\u00edas y dos noches de hoteles de clase mundial en el pa\u00eds. Agreg\u00f3 que la [&hellip;]<\/p>\n","protected":false},"author":1,"featured_media":798,"comment_status":"open","ping_status":"open","sticky":false,"template":"","format":"standard","meta":{"_jetpack_memberships_contains_paid_content":false,"footnotes":"","jetpack_publicize_message":"","jetpack_publicize_feature_enabled":true,"jetpack_social_post_already_shared":false,"jetpack_social_options":{"image_generator_settings":{"template":"highway","enabled":false}}},"categories":[1],"tags":[],"class_list":["post-797","post","type-post","status-publish","format-standard","has-post-thumbnail","hentry","category-actualidad"],"jetpack_publicize_connections":[],"jetpack_sharing_enabled":true,"jetpack_featured_media_url":"https:\/\/images.panoramatv.com.do\/wp-content\/uploads\/2020\/09\/202009231307331-680x410-1.jpg","jetpack_likes_enabled":true,"jetpack-related-posts":[],"_links":{"self":[{"href":"https:\/\/panoramatv.com.do\/index.php\/wp-json\/wp\/v2\/posts\/797"}],"collection":[{"href":"https:\/\/panoramatv.com.do\/index.php\/wp-json\/wp\/v2\/posts"}],"about":[{"href":"https:\/\/panoramatv.com.do\/index.php\/wp-json\/wp\/v2\/types\/post"}],"author":[{"embeddable":true,"href":"https:\/\/panoramatv.com.do\/index.php\/wp-json\/wp\/v2\/users\/1"}],"replies":[{"embeddable":true,"href":"https:\/\/panoramatv.com.do\/index.php\/wp-json\/wp\/v2\/comments?post=797"}],"version-history":[{"count":0,"href":"https:\/\/panoramatv.com.do\/index.php\/wp-json\/wp\/v2\/posts\/797\/revisions"}],"wp:featuredmedia":[{"embeddable":true,"href":"https:\/\/panoramatv.com.do\/index.php\/wp-json\/wp\/v2\/media\/798"}],"wp:attachment":[{"href":"https:\/\/panoramatv.com.do\/index.php\/wp-json\/wp\/v2\/media?parent=797"}],"wp:term":[{"taxonomy":"category","embeddable":true,"href":"https:\/\/panoramatv.com.do\/index.php\/wp-json\/wp\/v2\/categories?post=797"},{"taxonomy":"post_tag","embeddable":true,"href":"https:\/\/panoramatv.com.do\/index.php\/wp-json\/wp\/v2\/tags?post=797"}],"curies":[{"name":"wp","href":"https:\/\/api.w.org\/{rel}","templated":true}]}}