{"id":792,"date":"2020-09-29T15:32:32","date_gmt":"2020-09-29T15:32:32","guid":{"rendered":"http:\/\/panoramatv.com.do\/?p=792"},"modified":"2020-09-29T15:32:57","modified_gmt":"2020-09-29T15:32:57","slug":"mide-instruye-a-militares-hacer-cumplir-protocolos-de-verificacion-y-reforzar-en-toque-de-queda","status":"publish","type":"post","link":"https:\/\/panoramatv.com.do\/index.php\/2020\/09\/29\/mide-instruye-a-militares-hacer-cumplir-protocolos-de-verificacion-y-reforzar-en-toque-de-queda\/","title":{"rendered":"MIDE instruye a militares hacer cumplir protocolos de verificaci\u00f3n y reforzar en Toque de Queda."},"content":{"rendered":"\n<div class=\"wp-block-image\"><figure class=\"alignleft size-large is-resized\"><img loading=\"lazy\" decoding=\"async\" src=\"https:\/\/images.panoramatv.com.do\/wp-content\/uploads\/2020\/09\/0-39-1024x683.jpg\" alt=\"\" class=\"wp-image-793\" width=\"352\" height=\"235\"\/><figcaption>  Ministerio de Defensa (MIDE) <\/figcaption><\/figure><\/div>\n\n\n\n<p>El Ministerio de Defensa (MIDE) orden\u00f3 a los Comandantes Generales del Ej\u00e9rcito (ERD), Armada (ARD) y Fuerza A\u00e9rea Rep\u00fablica Dominicana (FARD) apoyar las acciones para hacer cumplir el decreto que establece el nuevo horario de toque de queda, distanciamiento social y el uso obligatorio de mascarillas en espacios p\u00fablicos y privados de uso p\u00fablico.<\/p>\n\n\n\n<p>El Ministro de Defensa Teniente General Carlos Luciano D\u00edaz Morfa, ERD., orden\u00f3 el \u201cestricto cumplimiento\u201d en sus instituciones acorde a la ordenanza del Decreto 431-20 emitido por el Presidente Luis Abinader, quien fija el nuevo horario de Toque de Queda a partir de las 9:00 pm y hasta las 5:00 am de lunes a viernes, y de 7:00 pm a 5:00 am s\u00e1bados y domingos.<\/p>\n\n\n\n<p>Igualmente les instruy\u00f3 sumarse a las acciones para \u201cexigir el debido cumplimiento\u201d a la poblaci\u00f3n civil, desde sus respectivas \u00e1reas de responsabilidad. Soldados de las Fuerzas Armadas participan junto con agentes de la Polic\u00eda Nacional en los retenes, patrullas y otras acciones de vigilancia relacionadas con los actuales y anteriores decretos, para el control de la circulaci\u00f3n de personas y veh\u00edculos, as\u00ed como de las actividades en espacios p\u00fablicos.<\/p>\n\n\n\n<p>Las instrucciones del Ministro de Defensa, se extiende a instancias especiales de coordinaci\u00f3n de las operaciones de las Fuerzas Armadas, tales como el Comando Conjunto Unificado y los Comandos Conjuntos Metropolitano, Este, Sur y Norte.<\/p>\n\n\n\n<p>El Decreto Presidencial permite (con identificaci\u00f3n aprobada) la circulaci\u00f3n de personas dedicadas a servicios de salud o a quienes tienen alguna emergencia m\u00e9dica; los que laboran en seguridad privada; periodistas y personal de los medios de comunicaci\u00f3n; as\u00ed como a quienes ofrecen servicios de energ\u00eda, agua, telecomunicaciones y recogida de basura, tambi\u00e9n veh\u00edculos dedicados a la distribuci\u00f3n de mercanc\u00edas, insumos y combustible.<\/p>\n\n\n\n<p>De igual manera, se permite la circulaci\u00f3n en estos horarios, a quienes laboren en la industria y el comercio de alimentos y productos m\u00e9dicos y farmac\u00e9uticos en tr\u00e1nsito hacia o desde sus lugares de trabajo; pasajeros internacionales y quienes los transportan, sean estos empleados del sector de transporte mar\u00edtimo en tr\u00e1nsito hacia o desde puertos y aeropuertos.<\/p>\n\n\n\n<p>Igualmente pueden circular durante el toque de queda los empleados de empresas que brinden servicios funerarios; empleados o contratistas de la hoteler\u00eda, miner\u00eda y zonas francas, y quienes trabajan o sirven a restaurantes que brinden servicios a domicilio de alimentos cocidos (podr\u00e1n circular hasta las 11:00 p.m. exclusivamente durante el ejercicio de sus funciones laborales).<\/p>\n","protected":false},"excerpt":{"rendered":"<p>El Ministerio de Defensa (MIDE) orden\u00f3 a los Comandantes Generales del Ej\u00e9rcito (ERD), Armada (ARD) y Fuerza A\u00e9rea Rep\u00fablica Dominicana (FARD) apoyar las acciones para hacer cumplir el decreto que establece el nuevo horario de toque de queda, distanciamiento social y el uso obligatorio de mascarillas en espacios p\u00fablicos y privados de uso p\u00fablico. El [&hellip;]<\/p>\n","protected":false},"author":1,"featured_media":793,"comment_status":"open","ping_status":"open","sticky":false,"template":"","format":"standard","meta":{"_jetpack_memberships_contains_paid_content":false,"footnotes":"","jetpack_publicize_message":"","jetpack_publicize_feature_enabled":true,"jetpack_social_post_already_shared":false,"jetpack_social_options":{"image_generator_settings":{"template":"highway","enabled":false}}},"categories":[1],"tags":[],"class_list":["post-792","post","type-post","status-publish","format-standard","has-post-thumbnail","hentry","category-actualidad"],"jetpack_publicize_connections":[],"jetpack_sharing_enabled":true,"jetpack_featured_media_url":"https:\/\/images.panoramatv.com.do\/wp-content\/uploads\/2020\/09\/0-39.jpg","jetpack_likes_enabled":true,"jetpack-related-posts":[],"_links":{"self":[{"href":"https:\/\/panoramatv.com.do\/index.php\/wp-json\/wp\/v2\/posts\/792"}],"collection":[{"href":"https:\/\/panoramatv.com.do\/index.php\/wp-json\/wp\/v2\/posts"}],"about":[{"href":"https:\/\/panoramatv.com.do\/index.php\/wp-json\/wp\/v2\/types\/post"}],"author":[{"embeddable":true,"href":"https:\/\/panoramatv.com.do\/index.php\/wp-json\/wp\/v2\/users\/1"}],"replies":[{"embeddable":true,"href":"https:\/\/panoramatv.com.do\/index.php\/wp-json\/wp\/v2\/comments?post=792"}],"version-history":[{"count":0,"href":"https:\/\/panoramatv.com.do\/index.php\/wp-json\/wp\/v2\/posts\/792\/revisions"}],"wp:featuredmedia":[{"embeddable":true,"href":"https:\/\/panoramatv.com.do\/index.php\/wp-json\/wp\/v2\/media\/793"}],"wp:attachment":[{"href":"https:\/\/panoramatv.com.do\/index.php\/wp-json\/wp\/v2\/media?parent=792"}],"wp:term":[{"taxonomy":"category","embeddable":true,"href":"https:\/\/panoramatv.com.do\/index.php\/wp-json\/wp\/v2\/categories?post=792"},{"taxonomy":"post_tag","embeddable":true,"href":"https:\/\/panoramatv.com.do\/index.php\/wp-json\/wp\/v2\/tags?post=792"}],"curies":[{"name":"wp","href":"https:\/\/api.w.org\/{rel}","templated":true}]}}