{"id":7634,"date":"2022-10-08T21:24:05","date_gmt":"2022-10-09T01:24:05","guid":{"rendered":"https:\/\/panoramatv.com.do\/?p=7634"},"modified":"2022-10-08T21:24:08","modified_gmt":"2022-10-09T01:24:08","slug":"voluntariado-banreservas-presenta-el-musical-into-the-woods-en-el-teatro-nacional","status":"publish","type":"post","link":"https:\/\/panoramatv.com.do\/index.php\/2022\/10\/08\/voluntariado-banreservas-presenta-el-musical-into-the-woods-en-el-teatro-nacional\/","title":{"rendered":"Voluntariado Banreservas presenta el musical \u00a0Into The Woods en el Teatro Nacional"},"content":{"rendered":"\n<p>Con el fin de aunar esfuerzos a favor de los ni\u00f1os, j\u00f3venes y adultos, el <a href=\"https:\/\/www.banreservas.com\/Pages\/Voluntariado.aspx\">Voluntariado Banreservas<\/a> trajo al pa\u00eds el musical <em>Into The Woods (Dentro del Bosque),<\/em> que concit\u00f3 aplausos y risas de los espectadores en el Teatro Nacional.<\/p>\n\n\n\n<p>La obra, tra\u00edda desde Broadway bajo la direcci\u00f3n general y art\u00edstica de Luis Marcell Ricart, cont\u00f3 con un toque de humor dominicano que hizo disfrutar a adultos y ni\u00f1os presentes en la sala principal Carlos Piantini.<\/p>\n\n\n\n<p>La presidenta del <a href=\"http:\/\/Voluntariado de Banreservas\">Voluntariado de Banreservas<\/a>, Noelia Garc\u00eda de Pereyra, expres\u00f3 su gratitud a los que se unieron en esta iniciativa creada para apoyar a fundaciones que buscan mejorar la vida de miles de personas. \u00abHoy los acompa\u00f1o junto a mi equipo con un coraz\u00f3n agradecido, porque con este peque\u00f1o gesto, estamos haciendo historia juntos\u00bb, sostuvo.<\/p>\n\n\n\n<p>Los fondos recaudados en la venta de las boletas son destinados, por d\u00eda de la funci\u00f3n, a una organizaci\u00f3n sin fines de lucro. En su primer d\u00eda, jueves seis, fue a favor de la Fundaci\u00f3n La Merced.<\/p>\n\n\n\n<p>El espect\u00e1culo seguir\u00e1 en escena este viernes a la 8:30 p.m., a favor de la <a href=\"http:\/\/Fundaci\u00f3n Amigos Contra el C\u00e1ncer Infantil\">Fundaci\u00f3n Amigos Contra el C\u00e1ncer Infantil<\/a>; y el s\u00e1bado y domingo a las 5:30 p.m. por las fundaciones St. Jude y Yo Tambi\u00e9n Puedo, respectivamente.<\/p>\n\n\n\n<p>Las boletas est\u00e1n disponibles en la boleter\u00eda del <a href=\"http:\/\/Teatro Nacional\">Teatro Nacional<\/a> y en cada instituci\u00f3n sin fines de lucro participante.\u00a0<\/p>\n\n\n\n<p>A la premier asistieron la presidenta del Voluntariado, Noelia Garc\u00eda de Pereyra; el administrador general de la entidad financiera, Samuel Pereyra, y sus hijos, ejecutivos del banco y sus empresas filiales, el padre Tom\u00e1s Garc\u00eda, director de la fundaci\u00f3n La Merced; integrantes del equipo de trabajo y ni\u00f1os de esta instituci\u00f3n, invitados especiales y p\u00fablico general.<\/p>\n\n\n\n<figure class=\"wp-block-gallery has-nested-images columns-default is-cropped wp-block-gallery-1 is-layout-flex wp-block-gallery-is-layout-flex\">\n<figure class=\"wp-block-image size-large\"><img decoding=\"async\" data-id=\"7635\" src=\"https:\/\/images.panoramatv.com.do\/wp-content\/uploads\/2022\/10\/47-1024x681.jpg\" alt=\"\" class=\"wp-image-7635\"\/><\/figure>\n\n\n\n<figure class=\"wp-block-image size-large\"><img decoding=\"async\" data-id=\"7636\" src=\"https:\/\/images.panoramatv.com.do\/wp-content\/uploads\/2022\/10\/11-1024x681.jpg\" alt=\"\" class=\"wp-image-7636\"\/><\/figure>\n<\/figure>\n\n\n\n<p><strong>Into The Wood (Dentro del Bosque)<\/strong><\/p>\n\n\n\n<p>El musical <em>Into The Woods (<a href=\"http:\/\/Dentro del bosque\">Dentro del bosque<\/a>) <\/em>es una historia escrita por James Lapine. Est\u00e1 llena de hechizos, ilusi\u00f3n y aventura. Se estren\u00f3 en e<a href=\"http:\/\/l Old Globe Theatre de San Diego\">l Old Globe Theatre de San Diego<\/a>, Estados Unidos, en 1986, y luego en Broadway el cinco de noviembre de 1987.<\/p>\n\n\n\n<p>La trama principal es entre un panadero y su esposa, quienes buscan romper el hechizo que les conjur\u00f3 una bruja, dej\u00e1ndoles est\u00e9riles. Para la soluci\u00f3n se dirigen al bosque a encontrar todos los elementos, lugar donde se mezcla la historia con los afamados cuentos de Caperucita Roja, Jack y las habichuelas m\u00e1gicas, Rapunzel y Cenicienta. Es una obra con ense\u00f1anzas sobre la codicia, la familia y la muerte.<\/p>\n\n\n\n<p>La obra es interpretada totalmente en espa\u00f1ol con la participaci\u00f3n de 17 actores en escena. En los papeles principales: Laura Leclerc como la esposa del panadero;&nbsp; Roger Manzano como el panadero, Francesca Yurull Ure\u00f1a como la Bruja, Axel Mansilla como Narrador y Hombre Misterioso, Sof\u00eda Reyes Delance como la Cenicienta, Alejandro Gonz\u00e1lez como Jack, Nabila Isa\u00edas Alma y Gabriela Bonarelli como Caperucita Roja.<\/p>\n\n\n\n<p>En las actuaciones secundarias interpretan Luis Marcell Ricart, al Lobo Feroz, Ana Mar\u00eda Jim\u00e9nez a Aiguish, Ameris Cepeda a la madre de Jack, Laura Alc\u00e1ntara a la madrastra, \u00c1ngela Bernal a Florinda; Clara Contreras, a Lucinda; Mar\u00eda Victoria Dom\u00ednguez a la abuelita; Camila Tejada Alvino a Rapunzel; Edwin Rivera al pr\u00edncipe de Cenicienta; Luis Armando Rivera al pr\u00edncipe de Rapunzel y Alexander D\u00edaz al lacayo.<\/p>\n\n\n\n<figure class=\"wp-block-gallery has-nested-images columns-default is-cropped wp-block-gallery-2 is-layout-flex wp-block-gallery-is-layout-flex\">\n<figure class=\"wp-block-image size-large\"><img decoding=\"async\" data-id=\"7637\" src=\"https:\/\/images.panoramatv.com.do\/wp-content\/uploads\/2022\/10\/0-3-1024x683.jpg\" alt=\"\" class=\"wp-image-7637\"\/><\/figure>\n\n\n\n<figure class=\"wp-block-image size-large\"><img decoding=\"async\" data-id=\"7638\" src=\"https:\/\/images.panoramatv.com.do\/wp-content\/uploads\/2022\/10\/7-1024x718.jpg\" alt=\"\" class=\"wp-image-7638\"\/><\/figure>\n<\/figure>\n","protected":false},"excerpt":{"rendered":"<p>Con el fin de aunar esfuerzos a favor de los ni\u00f1os, j\u00f3venes y adultos, el Voluntariado Banreservas trajo al pa\u00eds el musical Into The Woods (Dentro del Bosque), que concit\u00f3 aplausos y risas de los espectadores en el Teatro Nacional. La obra, tra\u00edda desde Broadway bajo la direcci\u00f3n general y art\u00edstica de Luis Marcell Ricart, [&hellip;]<\/p>\n","protected":false},"author":1,"featured_media":7635,"comment_status":"open","ping_status":"open","sticky":false,"template":"","format":"standard","meta":{"_jetpack_memberships_contains_paid_content":false,"footnotes":"","jetpack_publicize_message":"","jetpack_publicize_feature_enabled":true,"jetpack_social_post_already_shared":true,"jetpack_social_options":{"image_generator_settings":{"template":"highway","enabled":false}}},"categories":[10],"tags":[103,510],"class_list":["post-7634","post","type-post","status-publish","format-standard","has-post-thumbnail","hentry","category-panorama-social","tag-banreservas","tag-voluntariado-banreservas"],"jetpack_publicize_connections":[],"jetpack_sharing_enabled":true,"jetpack_featured_media_url":"https:\/\/panoramatv.com.do\/wp-content\/uploads\/2022\/10\/47-1386x922.jpg","jetpack_likes_enabled":true,"jetpack-related-posts":[],"_links":{"self":[{"href":"https:\/\/panoramatv.com.do\/index.php\/wp-json\/wp\/v2\/posts\/7634","targetHints":{"allow":["GET"]}}],"collection":[{"href":"https:\/\/panoramatv.com.do\/index.php\/wp-json\/wp\/v2\/posts"}],"about":[{"href":"https:\/\/panoramatv.com.do\/index.php\/wp-json\/wp\/v2\/types\/post"}],"author":[{"embeddable":true,"href":"https:\/\/panoramatv.com.do\/index.php\/wp-json\/wp\/v2\/users\/1"}],"replies":[{"embeddable":true,"href":"https:\/\/panoramatv.com.do\/index.php\/wp-json\/wp\/v2\/comments?post=7634"}],"version-history":[{"count":0,"href":"https:\/\/panoramatv.com.do\/index.php\/wp-json\/wp\/v2\/posts\/7634\/revisions"}],"wp:featuredmedia":[{"embeddable":true,"href":"https:\/\/panoramatv.com.do\/index.php\/wp-json\/wp\/v2\/media\/7635"}],"wp:attachment":[{"href":"https:\/\/panoramatv.com.do\/index.php\/wp-json\/wp\/v2\/media?parent=7634"}],"wp:term":[{"taxonomy":"category","embeddable":true,"href":"https:\/\/panoramatv.com.do\/index.php\/wp-json\/wp\/v2\/categories?post=7634"},{"taxonomy":"post_tag","embeddable":true,"href":"https:\/\/panoramatv.com.do\/index.php\/wp-json\/wp\/v2\/tags?post=7634"}],"curies":[{"name":"wp","href":"https:\/\/api.w.org\/{rel}","templated":true}]}}