{"id":7457,"date":"2022-08-29T08:59:45","date_gmt":"2022-08-29T12:59:45","guid":{"rendered":"https:\/\/panoramatv.com.do\/?p=7457"},"modified":"2022-08-29T08:59:50","modified_gmt":"2022-08-29T12:59:50","slug":"cedimat-realiza-v-jornada-de-laboratorio-apoyando-la-gestion-clinica","status":"publish","type":"post","link":"https:\/\/panoramatv.com.do\/index.php\/2022\/08\/29\/cedimat-realiza-v-jornada-de-laboratorio-apoyando-la-gestion-clinica\/","title":{"rendered":"<strong>CEDIMAT realiza V jornada de laboratorio \u201c<\/strong><strong>Apoyando la gesti\u00f3n cl\u00ednica\u201d<\/strong>"},"content":{"rendered":"\n<p>Cualquier investigaci\u00f3n m\u00e9dica estar\u00eda incompleta si no pasa por el laboratorio, ya que el objetivo de este es confirmar o descartar un diagn\u00f3stico y con esta acci\u00f3n apoyar la gesti\u00f3n cl\u00ednica.<\/p>\n\n\n\n<p>As\u00ed lo afirma Rosanny Rom\u00e1n, Directora del Laboratorio Cl\u00ednico y Banco de Sangre de los Centros de Diagn\u00f3stico y Medicina Avanzada y de Conferencias M\u00e9dicas y Telemedicina (CEDIMAT), en el marco de la V jornada de laboratorio, titulada \u201cApoyando la gesti\u00f3n cl\u00ednica\u201d.<\/p>\n\n\n\n<figure class=\"wp-block-gallery has-nested-images columns-default is-cropped wp-block-gallery-1 is-layout-flex wp-block-gallery-is-layout-flex\">\n<figure class=\"wp-block-image size-large\"><img decoding=\"async\" data-id=\"7458\" src=\"https:\/\/images.panoramatv.com.do\/wp-content\/uploads\/2022\/08\/11-8-926x617.jpg\" alt=\"\" class=\"wp-image-7458\"\/><\/figure>\n\n\n\n<figure class=\"wp-block-image size-large\"><img decoding=\"async\" data-id=\"7459\" src=\"https:\/\/images.panoramatv.com.do\/wp-content\/uploads\/2022\/08\/0-42-926x617.jpg\" alt=\"\" class=\"wp-image-7459\"\/><\/figure>\n<\/figure>\n\n\n\n<p>Rom\u00e1n se\u00f1ala que este evento busca promover la educaci\u00f3n continua y la actualizaci\u00f3n cient\u00edfica en temas de laboratorio, en consonancia con los objetivos de CEDIMAT, de contribuir a la formaci\u00f3n de personal en salud y al desarrollo de la investigaci\u00f3n cient\u00edfica.<\/p>\n\n\n\n<p>Por esta raz\u00f3n, se realiza esta jornada, dirigida a bioanalistas y m\u00e9dicos, cuyo desempe\u00f1o diario inciden altamente en los resultados del laboratorio cl\u00ednico, tambi\u00e9n a socios comerciales interesados en los temas. El evento est\u00e1 pautado cada dos a\u00f1os, pero por la pandemia de la Covid-19 en esta ocasi\u00f3n se ten\u00eda cuatro a\u00f1os que no se celebraba, explica la experta.<\/p>\n\n\n\n<p>Asimismo, Rom\u00e1n resalta que para esta entrega se seleccionaron temas de mucha relevancia y actualidad cl\u00ednica, los cuales fueron expuestos por conferencistas nacionales e internacionales, como: Viruela del mono: lo que hay que saber para prevenirla y diagnosticarla, a cargo de la bioanalista Jasm\u00edn Valdez. Tambi\u00e9n se present\u00f3 el tema, Fase Preanal\u00edtica y su misi\u00f3n en aportar informaci\u00f3n de calidad, por la bioanalista Yoseilys Betances; Profilaxis post exposici\u00f3n laboral, por la m\u00e9dico infect\u00f3loga de CEDIMAT, Claudia Blanco.<\/p>\n\n\n\n<p>De igual manera, Importancia del laboratorio en las cirug\u00edas de paratiroides, por la Directora del Departamento de Cirug\u00eda y Especialidades de CEDIMAT, Sylvia Batista; Criterios fundamentales para el manejo de POCT intrahospitalario: funci\u00f3n del laboratorio, por la bioanalista Rosa Dever.<\/p>\n\n\n\n<p>En el \u00e1mbito internacional, desde Colombia, la qu\u00edmica Maribel Espinosa, quien habl\u00f3 acerca de Herramientas de gesti\u00f3n cl\u00ednica en el laboratorio; desde Brasil, la doctora Mariana Doprado, con el t\u00edtulo D\u00edmero D como factor exclusivo de la trombosis venosa profunda; desde M\u00e9xico, el qu\u00edmico Christian Escobedo, Indicadores biol\u00f3gicos medidos en plasma y desde Panam\u00e1, la doctora Ingrid Moreno, con su exposici\u00f3n acerca de Tromboelastograf\u00eda.<\/p>\n\n\n\n<p>Los invitados especiales en esta ocasi\u00f3n fueron, la licenciada Mirna Nova, Directora de Escuela de Bioan\u00e1lisis de la UASD, la licenciada Andrea Delgado, Directora de Escuela de Bioan\u00e1lisis UCATECI, licenciada Juana Iris Caines, Directora de la Escuela de Bioan\u00e1lisis UCE y Mercedes Jacquelyn Pineda en representaci\u00f3n de Cristian Morillo Tav\u00e1rez, directora de la Escuela de Bioan\u00e1lisis&nbsp; de UTESUR.<\/p>\n","protected":false},"excerpt":{"rendered":"<p>Cualquier investigaci\u00f3n m\u00e9dica estar\u00eda incompleta si no pasa por el laboratorio, ya que el objetivo de este es confirmar o descartar un diagn\u00f3stico y con esta acci\u00f3n apoyar la gesti\u00f3n cl\u00ednica. As\u00ed lo afirma Rosanny Rom\u00e1n, Directora del Laboratorio Cl\u00ednico y Banco de Sangre de los Centros de Diagn\u00f3stico y Medicina Avanzada y de Conferencias [&hellip;]<\/p>\n","protected":false},"author":1,"featured_media":7458,"comment_status":"open","ping_status":"open","sticky":false,"template":"","format":"standard","meta":{"_jetpack_memberships_contains_paid_content":false,"footnotes":"","jetpack_publicize_message":"","jetpack_publicize_feature_enabled":true,"jetpack_social_post_already_shared":true,"jetpack_social_options":{"image_generator_settings":{"template":"highway","enabled":false}}},"categories":[8],"tags":[104],"class_list":["post-7457","post","type-post","status-publish","format-standard","has-post-thumbnail","hentry","category-panorama-de-salud","tag-cedimat"],"jetpack_publicize_connections":[],"jetpack_sharing_enabled":true,"jetpack_featured_media_url":"https:\/\/panoramatv.com.do\/wp-content\/uploads\/2022\/08\/11-8-926x617.jpg","jetpack_likes_enabled":true,"jetpack-related-posts":[],"_links":{"self":[{"href":"https:\/\/panoramatv.com.do\/index.php\/wp-json\/wp\/v2\/posts\/7457","targetHints":{"allow":["GET"]}}],"collection":[{"href":"https:\/\/panoramatv.com.do\/index.php\/wp-json\/wp\/v2\/posts"}],"about":[{"href":"https:\/\/panoramatv.com.do\/index.php\/wp-json\/wp\/v2\/types\/post"}],"author":[{"embeddable":true,"href":"https:\/\/panoramatv.com.do\/index.php\/wp-json\/wp\/v2\/users\/1"}],"replies":[{"embeddable":true,"href":"https:\/\/panoramatv.com.do\/index.php\/wp-json\/wp\/v2\/comments?post=7457"}],"version-history":[{"count":0,"href":"https:\/\/panoramatv.com.do\/index.php\/wp-json\/wp\/v2\/posts\/7457\/revisions"}],"wp:featuredmedia":[{"embeddable":true,"href":"https:\/\/panoramatv.com.do\/index.php\/wp-json\/wp\/v2\/media\/7458"}],"wp:attachment":[{"href":"https:\/\/panoramatv.com.do\/index.php\/wp-json\/wp\/v2\/media?parent=7457"}],"wp:term":[{"taxonomy":"category","embeddable":true,"href":"https:\/\/panoramatv.com.do\/index.php\/wp-json\/wp\/v2\/categories?post=7457"},{"taxonomy":"post_tag","embeddable":true,"href":"https:\/\/panoramatv.com.do\/index.php\/wp-json\/wp\/v2\/tags?post=7457"}],"curies":[{"name":"wp","href":"https:\/\/api.w.org\/{rel}","templated":true}]}}