{"id":698,"date":"2020-09-19T15:16:17","date_gmt":"2020-09-19T15:16:17","guid":{"rendered":"http:\/\/panoramatv.com.do\/?p=698"},"modified":"2020-09-19T15:17:57","modified_gmt":"2020-09-19T15:17:57","slug":"ronny-jerez-silverio-salud-mental-de-los-medicos-ante-el-covid-19","status":"publish","type":"post","link":"https:\/\/panoramatv.com.do\/index.php\/2020\/09\/19\/ronny-jerez-silverio-salud-mental-de-los-medicos-ante-el-covid-19\/","title":{"rendered":"Ronny Jerez Silverio: Salud mental de los m\u00e9dicos ante el COVID-19"},"content":{"rendered":"\n<div class=\"wp-block-image\"><figure class=\"alignleft size-large is-resized\"><img loading=\"lazy\" decoding=\"async\" src=\"https:\/\/images.panoramatv.com.do\/wp-content\/uploads\/2020\/09\/3b6fa7fe-06fc-4e0c-b8f5-8997e6a158e0-1.jpg\" alt=\"\" class=\"wp-image-701\" width=\"314\" height=\"314\"\/><figcaption>Ronny Jerez Silverio<\/figcaption><\/figure><\/div>\n\n\n\n<p>Santo Domingo. &#8211; El psic\u00f3logo Ronny Jerez Silverio consider\u00f3\nque no se est\u00e1 atendiendo de manera adecuada la salud mental del personal m\u00e9dico,\ncolocado en la primera l\u00ednea de batalla contra el COVID-19 desde el inicio de\nla pandemia.<\/p>\n\n\n\n<p>En tal sentido, pidi\u00f3 darles atenci\u00f3n psicol\u00f3gica para\nmantenerlos mentalmente estables y que estos puedan brindar servicios con\ncalidad y calidez a los ciudadanos afectados por la pandemia.<\/p>\n\n\n\n<p>Record\u00f3 que esa es una pieza clave que no puede ser\ndescuidada en medio de la crisis sanitaria que ha provocado la COVID -19.<\/p>\n\n\n\n<p>Al referirse a los familiares de los fallecidos, el psic\u00f3logo\ngeneral dijo, al ser entrevistado en el programa Panorama TV que \u00abcuando\nmuere un ser querido, nos vemos en una situaci\u00f3n que de entrada no\ncomprendemos, luego llega el duelo, un proceso adaptativo para aceptar la\np\u00e9rdida, proceso que nos ayuda a reaprender a vivir con esa ausencia.\u00bb<\/p>\n\n\n\n<p>Parejas en el confinamiento<\/p>\n\n\n\n<p>Jerez Silverio, al referirse al desaf\u00edo que ha sido la\ncuarentena para las parejas, indic\u00f3 que \u201clas situaciones de parejas o\nfamiliares son normales que ocurran. Hay parejas que dentro del confinamiento\nhan entendido que estaban destinadas a conocerse, pero no a estar juntas, unas\nhan logrado reencontrarse y otras han decidido terminar\u201d asegur\u00f3. <\/p>\n\n\n\n<p>Econom\u00eda <\/p>\n\n\n\n<p>Consider\u00f3 que el COVID-19- 19 nos ha obligado a innovar \u201clos\ndominicanos somos creativos y en cuanto a la situaci\u00f3n econ\u00f3mica cada persona\nha intentado salir adelante\u201d manifest\u00f3 al considerar que el COVID-19 \u201cha\nllegado para reinventarnos\u201d y aunque ha tenido un gran impacto nos permite\nreencontrarnos con nosotros mismos en medio de la crisis.<\/p>\n\n\n\n<p>Ronny Jerez manifest\u00f3 que el ser humano ha podido sobrevivir\nadapt\u00e1ndose, independientemente de su situaci\u00f3n.<\/p>\n\n\n\n<p>PANORAMA TV es una revista semanal que se transmite todos los\nviernes a las 10:30 A.M por RNN canal 27, bajo la conducci\u00f3n de las periodistas\nIndiana Ortega y Larimar Guill\u00e9n.<\/p>\n","protected":false},"excerpt":{"rendered":"<p>Santo Domingo. &#8211; El psic\u00f3logo Ronny Jerez Silverio consider\u00f3 que no se est\u00e1 atendiendo de manera adecuada la salud mental del personal m\u00e9dico, colocado en la primera l\u00ednea de batalla contra el COVID-19 desde el inicio de la pandemia. En tal sentido, pidi\u00f3 darles atenci\u00f3n psicol\u00f3gica para mantenerlos mentalmente estables y que estos puedan brindar [&hellip;]<\/p>\n","protected":false},"author":1,"featured_media":702,"comment_status":"open","ping_status":"open","sticky":false,"template":"","format":"standard","meta":{"_jetpack_memberships_contains_paid_content":false,"footnotes":"","jetpack_publicize_message":"","jetpack_publicize_feature_enabled":true,"jetpack_social_post_already_shared":false,"jetpack_social_options":{"image_generator_settings":{"template":"highway","enabled":false}}},"categories":[8],"tags":[],"class_list":["post-698","post","type-post","status-publish","format-standard","has-post-thumbnail","hentry","category-panorama-de-salud"],"jetpack_publicize_connections":[],"jetpack_sharing_enabled":true,"jetpack_featured_media_url":"https:\/\/images.panoramatv.com.do\/wp-content\/uploads\/2020\/09\/Screenshot_4.jpg","jetpack_likes_enabled":true,"jetpack-related-posts":[],"_links":{"self":[{"href":"https:\/\/panoramatv.com.do\/index.php\/wp-json\/wp\/v2\/posts\/698"}],"collection":[{"href":"https:\/\/panoramatv.com.do\/index.php\/wp-json\/wp\/v2\/posts"}],"about":[{"href":"https:\/\/panoramatv.com.do\/index.php\/wp-json\/wp\/v2\/types\/post"}],"author":[{"embeddable":true,"href":"https:\/\/panoramatv.com.do\/index.php\/wp-json\/wp\/v2\/users\/1"}],"replies":[{"embeddable":true,"href":"https:\/\/panoramatv.com.do\/index.php\/wp-json\/wp\/v2\/comments?post=698"}],"version-history":[{"count":0,"href":"https:\/\/panoramatv.com.do\/index.php\/wp-json\/wp\/v2\/posts\/698\/revisions"}],"wp:featuredmedia":[{"embeddable":true,"href":"https:\/\/panoramatv.com.do\/index.php\/wp-json\/wp\/v2\/media\/702"}],"wp:attachment":[{"href":"https:\/\/panoramatv.com.do\/index.php\/wp-json\/wp\/v2\/media?parent=698"}],"wp:term":[{"taxonomy":"category","embeddable":true,"href":"https:\/\/panoramatv.com.do\/index.php\/wp-json\/wp\/v2\/categories?post=698"},{"taxonomy":"post_tag","embeddable":true,"href":"https:\/\/panoramatv.com.do\/index.php\/wp-json\/wp\/v2\/tags?post=698"}],"curies":[{"name":"wp","href":"https:\/\/api.w.org\/{rel}","templated":true}]}}