{"id":693,"date":"2020-09-17T15:53:29","date_gmt":"2020-09-17T15:53:29","guid":{"rendered":"http:\/\/panoramatv.com.do\/?p=693"},"modified":"2020-09-17T15:53:35","modified_gmt":"2020-09-17T15:53:35","slug":"cedimat-lanza-plan-ejecutivo-post-covid-19","status":"publish","type":"post","link":"https:\/\/panoramatv.com.do\/index.php\/2020\/09\/17\/cedimat-lanza-plan-ejecutivo-post-covid-19\/","title":{"rendered":"CEDIMAT lanza Plan Ejecutivo Post COVID-19"},"content":{"rendered":"\n<div class=\"wp-block-image\"><figure class=\"alignleft size-large is-resized\"><img loading=\"lazy\" decoding=\"async\" src=\"https:\/\/images.panoramatv.com.do\/wp-content\/uploads\/2020\/09\/0-28-1024x702.jpg\" alt=\"\" class=\"wp-image-694\" width=\"395\" height=\"270\"\/><figcaption>CEDIMAT<\/figcaption><\/figure><\/div>\n\n\n\n<p>Los&nbsp; Centros de\nDiagn\u00f3stico y Medicina Avanzada y de Conferencias M\u00e9dicas y Telemedicina\n(CEDIMAT), pusieron a disposici\u00f3n el Plan Ejecutivo Post COVID-19, un novedoso\nprograma de salud que busca dar seguimiento a estos pacientes que han padecido\neste virus.<\/p>\n\n\n\n<p>Franklin Pe\u00f1a, m\u00e9dico internista y coordinador del Plan\nEjecutivo de Salud de CEDIMAT, explic\u00f3 que la idea de este servicio surge luego\nde que ya hay estudios que establecen que el virus puede dejar secuelas en la\nfunci\u00f3n cardiopulmonar.<\/p>\n\n\n\n<p>Detall\u00f3 que el mundo se encuentra ante una enfermedad\ndesconocida, por lo que es importante darle seguimiento a este virus, pues no\nse sabe si los pacientes tendr\u00e1n consecuencias a largo plazo.<\/p>\n\n\n\n<p>Explic\u00f3 que este nuevo plan contempla una serie de\nanal\u00edticas, im\u00e1genes, examen f\u00edsico y pruebas de laboratorios, las cuales\narrojar\u00e1n luz a cerca del estado general del paciente y permitir\u00e1n detectar a\ntiempo cualquier anomal\u00eda. <\/p>\n\n\n\n<p>\u201cHemos tenido pacientes que han notado cambios significativos\nen su organismo sin saber el porqu\u00e9, pues ya han rebasado el virus, por\nejemplo, presentan m\u00e1s cansancio, dificultad para realizar actividad f\u00edsica\nintensa, entre otros, por lo que es elemental que vigilen su salud de\ncerca\u00bb asegur\u00f3 Pe\u00f1a. <\/p>\n\n\n\n<p>Destac\u00f3, adem\u00e1s, que quienes soliciten este servicio ser\u00e1n\natendidos por un equipo de m\u00e9dicos multidisciplinario, entre ellos, cardi\u00f3logos\ny otorrinolaring\u00f3logo, los cuales ser\u00e1n los encargados de revisar las v\u00edas\nrespiratorias altas y bajas.<\/p>\n\n\n\n<p>La evaluaci\u00f3n completa de este plan tiene una duraci\u00f3n de\nunas tres horas y los pacientes son recibidos a las 7:00 de la ma\u00f1ana en las\nc\u00f3modas instalaciones del Plan Ejecutivo de CEDIMAT.<\/p>\n","protected":false},"excerpt":{"rendered":"<p>Los&nbsp; Centros de Diagn\u00f3stico y Medicina Avanzada y de Conferencias M\u00e9dicas y Telemedicina (CEDIMAT), pusieron a disposici\u00f3n el Plan Ejecutivo Post COVID-19, un novedoso programa de salud que busca dar seguimiento a estos pacientes que han padecido este virus. Franklin Pe\u00f1a, m\u00e9dico internista y coordinador del Plan Ejecutivo de Salud de CEDIMAT, explic\u00f3 que la [&hellip;]<\/p>\n","protected":false},"author":1,"featured_media":694,"comment_status":"open","ping_status":"open","sticky":false,"template":"","format":"standard","meta":{"_jetpack_memberships_contains_paid_content":false,"footnotes":"","jetpack_publicize_message":"","jetpack_publicize_feature_enabled":true,"jetpack_social_post_already_shared":false,"jetpack_social_options":{"image_generator_settings":{"template":"highway","enabled":false}}},"categories":[8],"tags":[],"class_list":["post-693","post","type-post","status-publish","format-standard","has-post-thumbnail","hentry","category-panorama-de-salud"],"jetpack_publicize_connections":[],"jetpack_sharing_enabled":true,"jetpack_featured_media_url":"https:\/\/images.panoramatv.com.do\/wp-content\/uploads\/2020\/09\/0-28.jpg","jetpack_likes_enabled":true,"jetpack-related-posts":[],"_links":{"self":[{"href":"https:\/\/panoramatv.com.do\/index.php\/wp-json\/wp\/v2\/posts\/693"}],"collection":[{"href":"https:\/\/panoramatv.com.do\/index.php\/wp-json\/wp\/v2\/posts"}],"about":[{"href":"https:\/\/panoramatv.com.do\/index.php\/wp-json\/wp\/v2\/types\/post"}],"author":[{"embeddable":true,"href":"https:\/\/panoramatv.com.do\/index.php\/wp-json\/wp\/v2\/users\/1"}],"replies":[{"embeddable":true,"href":"https:\/\/panoramatv.com.do\/index.php\/wp-json\/wp\/v2\/comments?post=693"}],"version-history":[{"count":0,"href":"https:\/\/panoramatv.com.do\/index.php\/wp-json\/wp\/v2\/posts\/693\/revisions"}],"wp:featuredmedia":[{"embeddable":true,"href":"https:\/\/panoramatv.com.do\/index.php\/wp-json\/wp\/v2\/media\/694"}],"wp:attachment":[{"href":"https:\/\/panoramatv.com.do\/index.php\/wp-json\/wp\/v2\/media?parent=693"}],"wp:term":[{"taxonomy":"category","embeddable":true,"href":"https:\/\/panoramatv.com.do\/index.php\/wp-json\/wp\/v2\/categories?post=693"},{"taxonomy":"post_tag","embeddable":true,"href":"https:\/\/panoramatv.com.do\/index.php\/wp-json\/wp\/v2\/tags?post=693"}],"curies":[{"name":"wp","href":"https:\/\/api.w.org\/{rel}","templated":true}]}}