{"id":6924,"date":"2022-07-11T18:50:42","date_gmt":"2022-07-11T22:50:42","guid":{"rendered":"https:\/\/panoramatv.com.do\/?p=6924"},"modified":"2022-07-11T18:50:48","modified_gmt":"2022-07-11T22:50:48","slug":"presidente-abinader-anuncia-construccion-del-mercado-binacional-en-malpaso-jimani","status":"publish","type":"post","link":"https:\/\/panoramatv.com.do\/index.php\/2022\/07\/11\/presidente-abinader-anuncia-construccion-del-mercado-binacional-en-malpaso-jimani\/","title":{"rendered":"<strong>Presidente Abinader anuncia construcci\u00f3n del Mercado Binacional en Malpaso, Jiman\u00ed.&nbsp;<\/strong>"},"content":{"rendered":"\n<p><strong>Jiman\u00ed<\/strong>. \u2013 Con el objetivo de crear alternativas, aumentar la inversi\u00f3n social y dinamizar el comercio, sirviendo de impulso a los productores, el presidente de la rep\u00fablica, Luis Abinader junto a la Direcci\u00f3n General de Desarrollo Fronterizo, anunciaron la construcci\u00f3n del Mercado Binacional en la comunidad Malpaso, municipio Jiman\u00ed provincia Independencia.<\/p>\n\n\n\n<p>Con la creaci\u00f3n de esta moderna infraestructura, que tendr\u00e1 una superficie de 11,225 metros cuadrados de construcci\u00f3n, con una inversi\u00f3n superior a los 89 millones de pesos se permitir\u00eda robustecer la movilidad en torno al comercio de mercados, impactando de manera positiva el dinamismo de la econom\u00eda.<\/p>\n\n\n\n<p>El Mercado Binacional en Jiman\u00ed, provincia Independencia, es el segundo mercado en importancia en la zona fronteriza despu\u00e9s de Dajab\u00f3n, siendo este un motor para el desarrollo fronterizo.<\/p>\n\n\n\n<p>El Mandatario precis\u00f3 que con la construcci\u00f3n de este mercado Binacional, que estar\u00eda listo en 9 meses, se busca organizar el comercio que existe \u00abya que es parte fundamental de la actividad econ\u00f3mica de la zona y aporta a la creaci\u00f3n de empleos\u00bb.&nbsp;<\/p>\n\n\n\n<p>El jefe del Estado adelant\u00f3 que se proyectaron tres mercados, este de Malpaso-Jiman\u00ed, uno en Pedernales y otro en Comendador, El\u00edas Pi\u00f1a, para este \u00faltimo instruy\u00f3 la realizaci\u00f3n de la licitaci\u00f3n a los fines de iniciar su construcci\u00f3n este mismo a\u00f1o.&nbsp;<\/p>\n\n\n\n<p>Manifest\u00f3 que de igual manera los proyectos de los mercados van acompa\u00f1ados de otras iniciativas, como son el desarrollo portuario de Manzanillo y el tur\u00edstico de Pedernales.<\/p>\n\n\n\n<p>De su lado, el director de la Direcci\u00f3n General de Desarrollo Fronterizo, Ram\u00f3n P\u00e9rez Tejada, expres\u00f3 su satisfacci\u00f3n y agradecimiento al presidente Luis Abinader por confiar en su persona al frente de la instituci\u00f3n encargada de velar por el desarrollo en la frontera, para la construcci\u00f3n de este mercado, se\u00f1alando que el mismo servir\u00e1 de mecanismo para sistematizar el levantamiento estad\u00edstico respecto de los vol\u00famenes y mercanc\u00edas comercializadas en los puntos de comercio, cuya importancia es especial para la econom\u00eda dominicana.<\/p>\n\n\n\n<p>Al mismo tiempo, el funcionario ofreci\u00f3 detalles sobre la estructura f\u00edsica de este mercado, distribuida de la siguiente manera: tres naves de dos niveles cada una, con seis \u00e1reas de almacenamiento por nave de 396 metros cuadrados, para un total de 1,188 metros cuadrados de almac\u00e9n, as\u00ed como 40 cub\u00edculos por nave, para un total de 120, para igual n\u00famero de comercios. Adem\u00e1s, ocho stands de pasillos por nave, para un total de 24 stand destinados a la venta de bebidas y alimentos cocidos para el p\u00fablico.&nbsp;<\/p>\n\n\n\n<p>Estas instalaciones contar\u00e1n adem\u00e1s de cuatro ba\u00f1os por nave, dos para caballeros y dos para damas para un total de ocho ba\u00f1os abiertos al p\u00fablico en general. Cada nave tendr\u00e1 una puerta principal y cuatro secundarias en los laterales, doce parqueos para camiones en el \u00e1rea de carga y descarga de forma simult\u00e1nea, adem\u00e1s de 83 parqueos para veh\u00edculos y 43 para motores.&nbsp;<\/p>\n\n\n\n<p>De igual forma, la distribuci\u00f3n estar\u00e1 provista de dos \u00e1reas administrativas de 82 metros cuadrados cada una, distribuidas en cinco oficinas, una recepci\u00f3n, un almac\u00e9n, una cocina y un ba\u00f1o cada una. Conforme las normas de ingenier\u00eda, cada nave permitir\u00e1 la movilidad holgada de 392 usuarios, para una capacidad simult\u00e1nea de 1,176 beneficiarios.<\/p>\n\n\n\n<p>En la actividad, adem\u00e1s del presidente de la rep\u00fablica Luis Abinader y del director de la Direcci\u00f3n General de Desarrollo Fronterizo, Ram\u00f3n P\u00e9rez Tejada, participaron la gobernadora de la provincia Independencia Mercedes Novas Novas, el alcalde del municipio de Jiman\u00ed, Dionisys M\u00e9ndez, as\u00ed como el diputado de la provincia Independencia, Llanelis Matos, el presidente de la asociaci\u00f3n de comerciantes de Jiman\u00ed, Julio Cesar Volquez, Elvis P\u00e9rez Medrano presidente del Consejo de Malpaso, miembros de la sociedad civil, invitados especiales y colaboradores de la instituci\u00f3n.<\/p>\n\n\n\n<p><\/p>\n\n\n\n<figure class=\"wp-block-gallery has-nested-images columns-default is-cropped wp-block-gallery-1 is-layout-flex wp-block-gallery-is-layout-flex\">\n<figure class=\"wp-block-image size-large\"><img decoding=\"async\" data-id=\"6925\" src=\"https:\/\/images.panoramatv.com.do\/wp-content\/uploads\/2022\/07\/1-15-1024x683.jpg\" alt=\"\" class=\"wp-image-6925\"\/><\/figure>\n\n\n\n<figure class=\"wp-block-image size-large\"><img decoding=\"async\" data-id=\"6926\" src=\"https:\/\/images.panoramatv.com.do\/wp-content\/uploads\/2022\/07\/0-19-1024x683.jpg\" alt=\"\" class=\"wp-image-6926\"\/><\/figure>\n<\/figure>\n","protected":false},"excerpt":{"rendered":"<p>Jiman\u00ed. \u2013 Con el objetivo de crear alternativas, aumentar la inversi\u00f3n social y dinamizar el comercio, sirviendo de impulso a los productores, el presidente de la rep\u00fablica, Luis Abinader junto a la Direcci\u00f3n General de Desarrollo Fronterizo, anunciaron la construcci\u00f3n del Mercado Binacional en la comunidad Malpaso, municipio Jiman\u00ed provincia Independencia. Con la creaci\u00f3n de [&hellip;]<\/p>\n","protected":false},"author":1,"featured_media":6926,"comment_status":"open","ping_status":"open","sticky":false,"template":"","format":"standard","meta":{"_jetpack_memberships_contains_paid_content":false,"footnotes":"","jetpack_publicize_message":"","jetpack_publicize_feature_enabled":true,"jetpack_social_post_already_shared":true,"jetpack_social_options":{"image_generator_settings":{"template":"highway","enabled":false}}},"categories":[1],"tags":[168,1652],"class_list":["post-6924","post","type-post","status-publish","format-standard","has-post-thumbnail","hentry","category-actualidad","tag-luis-abinader","tag-mercado-binacional"],"jetpack_publicize_connections":[],"jetpack_sharing_enabled":true,"jetpack_featured_media_url":"https:\/\/images.panoramatv.com.do\/wp-content\/uploads\/2022\/07\/0-19-1284x856.jpg","jetpack_likes_enabled":true,"jetpack-related-posts":[],"_links":{"self":[{"href":"https:\/\/panoramatv.com.do\/index.php\/wp-json\/wp\/v2\/posts\/6924"}],"collection":[{"href":"https:\/\/panoramatv.com.do\/index.php\/wp-json\/wp\/v2\/posts"}],"about":[{"href":"https:\/\/panoramatv.com.do\/index.php\/wp-json\/wp\/v2\/types\/post"}],"author":[{"embeddable":true,"href":"https:\/\/panoramatv.com.do\/index.php\/wp-json\/wp\/v2\/users\/1"}],"replies":[{"embeddable":true,"href":"https:\/\/panoramatv.com.do\/index.php\/wp-json\/wp\/v2\/comments?post=6924"}],"version-history":[{"count":0,"href":"https:\/\/panoramatv.com.do\/index.php\/wp-json\/wp\/v2\/posts\/6924\/revisions"}],"wp:featuredmedia":[{"embeddable":true,"href":"https:\/\/panoramatv.com.do\/index.php\/wp-json\/wp\/v2\/media\/6926"}],"wp:attachment":[{"href":"https:\/\/panoramatv.com.do\/index.php\/wp-json\/wp\/v2\/media?parent=6924"}],"wp:term":[{"taxonomy":"category","embeddable":true,"href":"https:\/\/panoramatv.com.do\/index.php\/wp-json\/wp\/v2\/categories?post=6924"},{"taxonomy":"post_tag","embeddable":true,"href":"https:\/\/panoramatv.com.do\/index.php\/wp-json\/wp\/v2\/tags?post=6924"}],"curies":[{"name":"wp","href":"https:\/\/api.w.org\/{rel}","templated":true}]}}