{"id":5669,"date":"2021-07-22T19:10:09","date_gmt":"2021-07-22T23:10:09","guid":{"rendered":"https:\/\/panoramatv.com.do\/?p=5669"},"modified":"2021-07-22T19:10:22","modified_gmt":"2021-07-22T23:10:22","slug":"spa-vitalina-llega-a-sus-15-aniversario","status":"publish","type":"post","link":"https:\/\/panoramatv.com.do\/index.php\/2021\/07\/22\/spa-vitalina-llega-a-sus-15-aniversario\/","title":{"rendered":"Spa Vitalina llega a sus 15 aniversario"},"content":{"rendered":"\n<p>Santo Domingo &#8211; La cl\u00ednica de est\u00e9tica y spa Vitalina lleg\u00f3 a sus quince a\u00f1os siendo la numero n\u00famero uno en el mercado del cuidado de la piel.<\/p>\n\n\n\n<p>La est\u00e9tica cuya administradora, es Vitalina F\u00e9liz de N\u00fa\u00f1ez se ha mantenido durante 15 a\u00f1os en el gusto de la gente por su calidad en el servicio para con sus clientes y de c\u00f3mo trabajar en el \u00e1mbito del cuidado de la piel.<\/p>\n\n\n\n<p>\u201cPara nosotros como empresa lo m\u00e1s importante son nuestros clientes, c\u00f3mo tratarlos y siendo honestos con ellos y gracias a Dios y a ellos hoy llegamos a nuestro 15 aniversario de servicio con un reno de calidad, responsabilidad, y entrega y ser los preferidos de nuestros usuarios\u201d, dijo Vitalina.<\/p>\n\n\n\n<p>En nuestras cl\u00ednicas pueden encontrar los servidos de depilaci\u00f3n l\u00e1ser, masaje corporal , masaje relajante, masaje en alga marina y en envoltura de chocolate, entre otros.<\/p>\n\n\n\n<p>Ya con 15 a\u00f1os contamos con dos sucursales una en la plaza Paseo de la Churchill y la otro en plaza Botanika para todo el sector de Arroyo Hondo y zonas aleda\u00f1as.<\/p>\n\n\n\n<figure class=\"wp-block-gallery columns-2 is-cropped wp-block-gallery-1 is-layout-flex wp-block-gallery-is-layout-flex\"><ul class=\"blocks-gallery-grid\"><li class=\"blocks-gallery-item\"><figure><img decoding=\"async\" src=\"https:\/\/images.panoramatv.com.do\/wp-content\/uploads\/2021\/07\/1-Vitalina.jpg\" alt=\"\" data-id=\"5670\" data-full-url=\"https:\/\/images.panoramatv.com.do\/wp-content\/uploads\/2021\/07\/1-Vitalina.jpg\" data-link=\"https:\/\/panoramatv.com.do\/?attachment_id=5670\" class=\"wp-image-5670\"\/><\/figure><\/li><li class=\"blocks-gallery-item\"><figure><img decoding=\"async\" src=\"https:\/\/images.panoramatv.com.do\/wp-content\/uploads\/2021\/07\/cacb782b-8fd5-475c-8c91-6bfedd708d53-946x1024.jpg\" alt=\"\" data-id=\"5671\" data-full-url=\"https:\/\/images.panoramatv.com.do\/wp-content\/uploads\/2021\/07\/cacb782b-8fd5-475c-8c91-6bfedd708d53.jpg\" data-link=\"https:\/\/panoramatv.com.do\/?attachment_id=5671\" class=\"wp-image-5671\"\/><\/figure><\/li><\/ul><\/figure>\n","protected":false},"excerpt":{"rendered":"<p>Santo Domingo &#8211; La cl\u00ednica de est\u00e9tica y spa Vitalina lleg\u00f3 a sus quince a\u00f1os siendo la numero n\u00famero uno en el mercado del cuidado de la piel. La est\u00e9tica cuya administradora, es Vitalina F\u00e9liz de N\u00fa\u00f1ez se ha mantenido durante 15 a\u00f1os en el gusto de la gente por su calidad en el servicio [&hellip;]<\/p>\n","protected":false},"author":1,"featured_media":5670,"comment_status":"open","ping_status":"open","sticky":false,"template":"","format":"standard","meta":{"_jetpack_memberships_contains_paid_content":false,"footnotes":"","jetpack_publicize_message":"","jetpack_publicize_feature_enabled":true,"jetpack_social_post_already_shared":true,"jetpack_social_options":{"image_generator_settings":{"template":"highway","enabled":false}}},"categories":[8],"tags":[1341,877],"class_list":["post-5669","post","type-post","status-publish","format-standard","has-post-thumbnail","hentry","category-panorama-de-salud","tag-clinica-de-estetica","tag-panoramatv"],"jetpack_publicize_connections":[],"jetpack_sharing_enabled":true,"jetpack_featured_media_url":"https:\/\/images.panoramatv.com.do\/wp-content\/uploads\/2021\/07\/1-Vitalina.jpg","jetpack_likes_enabled":true,"jetpack-related-posts":[],"_links":{"self":[{"href":"https:\/\/panoramatv.com.do\/index.php\/wp-json\/wp\/v2\/posts\/5669"}],"collection":[{"href":"https:\/\/panoramatv.com.do\/index.php\/wp-json\/wp\/v2\/posts"}],"about":[{"href":"https:\/\/panoramatv.com.do\/index.php\/wp-json\/wp\/v2\/types\/post"}],"author":[{"embeddable":true,"href":"https:\/\/panoramatv.com.do\/index.php\/wp-json\/wp\/v2\/users\/1"}],"replies":[{"embeddable":true,"href":"https:\/\/panoramatv.com.do\/index.php\/wp-json\/wp\/v2\/comments?post=5669"}],"version-history":[{"count":0,"href":"https:\/\/panoramatv.com.do\/index.php\/wp-json\/wp\/v2\/posts\/5669\/revisions"}],"wp:featuredmedia":[{"embeddable":true,"href":"https:\/\/panoramatv.com.do\/index.php\/wp-json\/wp\/v2\/media\/5670"}],"wp:attachment":[{"href":"https:\/\/panoramatv.com.do\/index.php\/wp-json\/wp\/v2\/media?parent=5669"}],"wp:term":[{"taxonomy":"category","embeddable":true,"href":"https:\/\/panoramatv.com.do\/index.php\/wp-json\/wp\/v2\/categories?post=5669"},{"taxonomy":"post_tag","embeddable":true,"href":"https:\/\/panoramatv.com.do\/index.php\/wp-json\/wp\/v2\/tags?post=5669"}],"curies":[{"name":"wp","href":"https:\/\/api.w.org\/{rel}","templated":true}]}}