{"id":5665,"date":"2021-07-21T21:35:59","date_gmt":"2021-07-22T01:35:59","guid":{"rendered":"https:\/\/panoramatv.com.do\/?p=5665"},"modified":"2021-07-21T21:36:05","modified_gmt":"2021-07-22T01:36:05","slug":"pediatras-de-rd-se-preparan-para-exponer-congreso-internacional-multidisciplinario","status":"publish","type":"post","link":"https:\/\/panoramatv.com.do\/index.php\/2021\/07\/21\/pediatras-de-rd-se-preparan-para-exponer-congreso-internacional-multidisciplinario\/","title":{"rendered":"Pediatras  de RD se preparan para exponer congreso internacional multidisciplinario"},"content":{"rendered":"\n<p><strong>Santo Domingo<\/strong>. Con el objetivo de fomentar y mantener actualizados a los pediatras situados en el pa\u00eds y otras localidades, la Sociedad Dominicana de&nbsp; Pediatr\u00eda dio a conocer su congreso bianual de formaci\u00f3n e investigaci\u00f3n cient\u00edfica, el cual se realizar\u00e1 del 21 al 24 julio de este a\u00f1o, a trav\u00e9s de sus plataformas virtuales.<\/p>\n\n\n\n<p>La informaci\u00f3n fue revelada a trav\u00e9s de un comunicado de prensa, donde destacaba el enfoque multidisciplinario y de innovaci\u00f3n que presenta esta edici\u00f3n, donde participar\u00e1n m\u00e1s de 40 expositores nacionales e internacionales.<\/p>\n\n\n\n<p><strong>Rep\u00fablica Dominicana&nbsp; como pa\u00eds anfitri\u00f3n, junto a la participaci\u00f3n de especialistas desde Espa\u00f1a, Estados Unidos, Argentina, Colombia, M\u00e9xico y El&nbsp; Salvador debatir\u00e1n las mejores herramientas y experiencias durante estos cuatro d\u00edas de actualizaci\u00f3n cient\u00edfica en favor de los ni\u00f1os, ni\u00f1as, adolescentes y la propia comunidad m\u00e9dica.<\/strong><\/p>\n\n\n\n<p>Y es que este congreso propone un abordaje integral desde la etapa neonatal hasta la adolescencia, enfatizando la importancia del conocimiento multidisciplinario de los galenos, as\u00ed como el fomento&nbsp; de alianzas entre los especialistas, para brindar un mejor&nbsp; tratamiento a los pacientes.<\/p>\n\n\n\n<p>Trataran desde la reanimaci\u00f3n neonatal hasta temas de cardiolog\u00eda preventiva, pasando por los desaf\u00edos de las v\u00edas respiratorias,&nbsp; las aspiraciones cr\u00f3nicas, las alergias, y cuidado de las adicciones en adolescentes.<\/p>\n\n\n\n<p>El tema de las vacunas ser\u00e1 uno de los t\u00f3picos claves de este a\u00f1o, donde se abordaran m\u00e1s detalles de la Coalici\u00f3n Nacional de Vacunas&nbsp; y el impacto econ\u00f3mico de las inmunizaciones, as\u00ed como de las enfermedades emergentes.<\/p>\n\n\n\n<p>En este pr\u00f3ximo evento tambi\u00e9n se debatir\u00e1n sobre pruebas gen\u00e9ticas, investigaci\u00f3n biom\u00e9dica, as\u00ed como diversas enfermedades&nbsp; y trastornos neuronales en ni\u00f1os.<\/p>\n\n\n\n<p>La salud gastrointestinal de los peque\u00f1os tambi\u00e9n tendr\u00e1 un espacio en este encuentro.<\/p>\n\n\n\n<p>A trav\u00e9s de sus plataformas digitales y sociales, <a href=\"http:\/\/www.pediatriadominicana.org\">www.pediatriadominicana.org<\/a>,&nbsp; exponen m\u00e1s detalles de esta actividad que promete compartir novedosas t\u00e9cnicas y conocimientos para el desarrollo formativo de todos los pediatras participantes.<\/p>\n\n\n\n<figure class=\"wp-block-gallery columns-2 is-cropped wp-block-gallery-1 is-layout-flex wp-block-gallery-is-layout-flex\"><ul class=\"blocks-gallery-grid\"><li class=\"blocks-gallery-item\"><figure><img decoding=\"async\" src=\"https:\/\/images.panoramatv.com.do\/wp-content\/uploads\/2021\/07\/0-23-1024x683.jpg\" alt=\"\" data-id=\"5666\" data-full-url=\"https:\/\/images.panoramatv.com.do\/wp-content\/uploads\/2021\/07\/0-23.jpg\" data-link=\"https:\/\/panoramatv.com.do\/?attachment_id=5666\" class=\"wp-image-5666\"\/><\/figure><\/li><li class=\"blocks-gallery-item\"><figure><img decoding=\"async\" src=\"https:\/\/images.panoramatv.com.do\/wp-content\/uploads\/2021\/07\/1-21-1024x500.jpg\" alt=\"\" data-id=\"5667\" data-full-url=\"https:\/\/images.panoramatv.com.do\/wp-content\/uploads\/2021\/07\/1-21.jpg\" data-link=\"https:\/\/panoramatv.com.do\/?attachment_id=5667\" class=\"wp-image-5667\"\/><\/figure><\/li><\/ul><\/figure>\n","protected":false},"excerpt":{"rendered":"<p>Santo Domingo. Con el objetivo de fomentar y mantener actualizados a los pediatras situados en el pa\u00eds y otras localidades, la Sociedad Dominicana de&nbsp; Pediatr\u00eda dio a conocer su congreso bianual de formaci\u00f3n e investigaci\u00f3n cient\u00edfica, el cual se realizar\u00e1 del 21 al 24 julio de este a\u00f1o, a trav\u00e9s de sus plataformas virtuales. La [&hellip;]<\/p>\n","protected":false},"author":1,"featured_media":5666,"comment_status":"open","ping_status":"open","sticky":false,"template":"","format":"standard","meta":{"_jetpack_memberships_contains_paid_content":false,"footnotes":"","jetpack_publicize_message":"","jetpack_publicize_feature_enabled":true,"jetpack_social_post_already_shared":true,"jetpack_social_options":{"image_generator_settings":{"template":"highway","enabled":false}}},"categories":[8],"tags":[984],"class_list":["post-5665","post","type-post","status-publish","format-standard","has-post-thumbnail","hentry","category-panorama-de-salud","tag-pediatras"],"jetpack_publicize_connections":[],"jetpack_sharing_enabled":true,"jetpack_featured_media_url":"https:\/\/images.panoramatv.com.do\/wp-content\/uploads\/2021\/07\/0-23.jpg","jetpack_likes_enabled":true,"jetpack-related-posts":[],"_links":{"self":[{"href":"https:\/\/panoramatv.com.do\/index.php\/wp-json\/wp\/v2\/posts\/5665"}],"collection":[{"href":"https:\/\/panoramatv.com.do\/index.php\/wp-json\/wp\/v2\/posts"}],"about":[{"href":"https:\/\/panoramatv.com.do\/index.php\/wp-json\/wp\/v2\/types\/post"}],"author":[{"embeddable":true,"href":"https:\/\/panoramatv.com.do\/index.php\/wp-json\/wp\/v2\/users\/1"}],"replies":[{"embeddable":true,"href":"https:\/\/panoramatv.com.do\/index.php\/wp-json\/wp\/v2\/comments?post=5665"}],"version-history":[{"count":0,"href":"https:\/\/panoramatv.com.do\/index.php\/wp-json\/wp\/v2\/posts\/5665\/revisions"}],"wp:featuredmedia":[{"embeddable":true,"href":"https:\/\/panoramatv.com.do\/index.php\/wp-json\/wp\/v2\/media\/5666"}],"wp:attachment":[{"href":"https:\/\/panoramatv.com.do\/index.php\/wp-json\/wp\/v2\/media?parent=5665"}],"wp:term":[{"taxonomy":"category","embeddable":true,"href":"https:\/\/panoramatv.com.do\/index.php\/wp-json\/wp\/v2\/categories?post=5665"},{"taxonomy":"post_tag","embeddable":true,"href":"https:\/\/panoramatv.com.do\/index.php\/wp-json\/wp\/v2\/tags?post=5665"}],"curies":[{"name":"wp","href":"https:\/\/api.w.org\/{rel}","templated":true}]}}