{"id":500,"date":"2020-07-20T23:40:37","date_gmt":"2020-07-20T23:40:37","guid":{"rendered":"http:\/\/panoramatv.com.do\/?p=500"},"modified":"2020-07-20T23:40:42","modified_gmt":"2020-07-20T23:40:42","slug":"condenan-a-pago-millonario-a-ministra-de-la-juventud-por-deudas-a-empresa-de-alta-tecnologia","status":"publish","type":"post","link":"https:\/\/panoramatv.com.do\/index.php\/2020\/07\/20\/condenan-a-pago-millonario-a-ministra-de-la-juventud-por-deudas-a-empresa-de-alta-tecnologia\/","title":{"rendered":"Condenan a pago millonario a ministra de la juventud por deudas a empresa de alta tecnolog\u00eda"},"content":{"rendered":"\n<p>La ministra de la juventud Robiamny Balc\u00e1cer, fue condenada al pago de 6 millones 726 mil 370&nbsp;pesos a favor de La Sociedad Inforedes Conocimiento y Alta Tecnolog\u00eda por servicios prestados no pagados a favor de este ministerio.<\/p>\n\n\n\n<p>La empresa explic\u00f3 que la ministra fue condenada en virtud del art\u00edculo 148 de la constituci\u00f3n que establece sobre la responsabilidad civil de estos funcionarios: \u201cLas personas jur\u00eddicas de derecho p\u00fablico y sus funcionarios o agentes ser\u00e1n responsables, conjunta y solidariamente, de conformidad con la ley, por los da\u00f1os y perjuicios ocasionados a las personas f\u00edsicas o jur\u00eddicas por una actuaci\u00f3n u omisi\u00f3n administrativa antijur\u00eddica. La empresa indic\u00f3 que la deuda data de hace m\u00e1s de siete a\u00f1os y fue informada al Ministerio formalmente por acto de alguacil el 12 de febrero del 2019, hace m\u00e1s de un a\u00f1o\u201d.<\/p>\n\n\n\n<p>Agregaron que tras recibir cheques sin fondo y promesas incumplidas, fueron embargadas&nbsp; las cuentas de la ministra Balcacer, conforme a lo que establece la ley.<\/p>\n\n\n\n<p>Sociedad Inforedes Conocimiento y Alta Tecnolog\u00eda indic\u00f3 que a pesar de que la deuda est\u00e1 certificada&nbsp;y de que le fueron notificadas las facturas, la actual ministra Robiamny Balc\u00e1cer ignor\u00f3 la notificaci\u00f3n y&nbsp;continu\u00f3 adquiriendo bienes y servicios, con lo que comprometi\u00f3 su responsabilidad y patrimonio personal.<\/p>\n\n\n\n<p>En ese sentido, revelaron que \u201cla empresa se fue a la quiebra, su gerente Elby Ram\u00f3n Cabrera estuvo en prisi\u00f3n tras no poder honrar sus compromisos econ\u00f3micos porque el Ministerio de la Juventud se ha reusado a realizarle el pago, violando varias sentencias\u201d.&nbsp;<\/p>\n","protected":false},"excerpt":{"rendered":"<p>La ministra de la juventud Robiamny Balc\u00e1cer, fue condenada al pago de 6 millones 726 mil 370&nbsp;pesos a favor de La Sociedad Inforedes Conocimiento y Alta Tecnolog\u00eda por servicios prestados no pagados a favor de este ministerio. La empresa explic\u00f3 que la ministra fue condenada en virtud del art\u00edculo 148 de la constituci\u00f3n que establece [&hellip;]<\/p>\n","protected":false},"author":1,"featured_media":501,"comment_status":"open","ping_status":"open","sticky":false,"template":"","format":"standard","meta":{"_jetpack_memberships_contains_paid_content":false,"footnotes":"","jetpack_publicize_message":"","jetpack_publicize_feature_enabled":true,"jetpack_social_post_already_shared":false,"jetpack_social_options":{"image_generator_settings":{"template":"highway","enabled":false}}},"categories":[1],"tags":[],"class_list":["post-500","post","type-post","status-publish","format-standard","has-post-thumbnail","hentry","category-actualidad"],"jetpack_publicize_connections":[],"jetpack_sharing_enabled":true,"jetpack_featured_media_url":"https:\/\/images.panoramatv.com.do\/wp-content\/uploads\/2020\/07\/unnamed-1.png","jetpack_likes_enabled":true,"jetpack-related-posts":[],"_links":{"self":[{"href":"https:\/\/panoramatv.com.do\/index.php\/wp-json\/wp\/v2\/posts\/500"}],"collection":[{"href":"https:\/\/panoramatv.com.do\/index.php\/wp-json\/wp\/v2\/posts"}],"about":[{"href":"https:\/\/panoramatv.com.do\/index.php\/wp-json\/wp\/v2\/types\/post"}],"author":[{"embeddable":true,"href":"https:\/\/panoramatv.com.do\/index.php\/wp-json\/wp\/v2\/users\/1"}],"replies":[{"embeddable":true,"href":"https:\/\/panoramatv.com.do\/index.php\/wp-json\/wp\/v2\/comments?post=500"}],"version-history":[{"count":0,"href":"https:\/\/panoramatv.com.do\/index.php\/wp-json\/wp\/v2\/posts\/500\/revisions"}],"wp:featuredmedia":[{"embeddable":true,"href":"https:\/\/panoramatv.com.do\/index.php\/wp-json\/wp\/v2\/media\/501"}],"wp:attachment":[{"href":"https:\/\/panoramatv.com.do\/index.php\/wp-json\/wp\/v2\/media?parent=500"}],"wp:term":[{"taxonomy":"category","embeddable":true,"href":"https:\/\/panoramatv.com.do\/index.php\/wp-json\/wp\/v2\/categories?post=500"},{"taxonomy":"post_tag","embeddable":true,"href":"https:\/\/panoramatv.com.do\/index.php\/wp-json\/wp\/v2\/tags?post=500"}],"curies":[{"name":"wp","href":"https:\/\/api.w.org\/{rel}","templated":true}]}}