{"id":4949,"date":"2021-05-10T19:22:34","date_gmt":"2021-05-10T23:22:34","guid":{"rendered":"https:\/\/panoramatv.com.do\/?p=4949"},"modified":"2021-05-10T19:48:24","modified_gmt":"2021-05-10T23:48:24","slug":"banreservas-integra-a-keren-montero-en-su-campana-de-80-aniversario","status":"publish","type":"post","link":"https:\/\/panoramatv.com.do\/index.php\/2021\/05\/10\/banreservas-integra-a-keren-montero-en-su-campana-de-80-aniversario\/","title":{"rendered":"Banreservas integra a Keren Montero en su campa\u00f1a de 80 aniversario"},"content":{"rendered":"\n<p>Banreservas y la cantante Keren Montero firmaron un acuerdo que contempla la inclusi\u00f3n de la joven en la campa\u00f1a de 80 aniversario de la instituci\u00f3n financiera, que le otorgar\u00e1 RD$500 mil para apoyar su carrera profesional y estudios, as\u00ed como un aporte adicional en libros y \u00fatiles escolares.<\/p>\n\n\n\n<p>La artista, que conquist\u00f3 al p\u00fablico con sus interpretaciones cristianas en Dominicana\u2019s Got Talent, aparecer\u00e1 en espacios publicitarios del Banco, que promueven las trayectorias de vidas ejemplares y los comportamientos \u00e9ticos que hacen grande nuestra naci\u00f3n.<\/p>\n\n\n\n<p>\u201cDesde sus inicios, Banreservas ha apoyado el talento de nuestra gente, siendo parte de iniciativas que incitan a los dominicanos a creer en su voluntad de ir tras sus sue\u00f1os. Keren Montero es la representaci\u00f3n del apoyo a nuestro talento y nuestra gente\u201d, precis\u00f3 el administrador general de Banreservas, Samuel Pereyra. &nbsp;<\/p>\n\n\n\n<p>En ese sentido, Pereyra reafirm\u00f3 el compromiso de esta instituci\u00f3n financiera, que en 80 a\u00f1os \u201chemos respaldado la voluntad del talento dominicano, identific\u00e1ndonos con sus m\u00e1s importantes iniciativas, para que quienes nos representen, siempre puedan mostrar lo mejor de nosotros\u201d.<\/p>\n\n\n\n<p>El convenio fue firmado por el subadministrador administrativo de Banreservas, Jos\u00e9 Manuel Almonte; la directora general de Mercadeo, Gema Vargas, y los tutores de Keren, quien a sus 15 a\u00f1os, gan\u00f3 la segunda temporada de Dominicana\u2019s Got Talent a principios de marzo pasado.<\/p>\n\n\n\n<figure class=\"wp-block-gallery columns-2 is-cropped wp-block-gallery-1 is-layout-flex wp-block-gallery-is-layout-flex\"><ul class=\"blocks-gallery-grid\"><li class=\"blocks-gallery-item\"><figure><img decoding=\"async\" src=\"https:\/\/images.panoramatv.com.do\/wp-content\/uploads\/2021\/05\/1-16-1024x682.jpg\" alt=\"\" data-id=\"4950\" data-full-url=\"https:\/\/images.panoramatv.com.do\/wp-content\/uploads\/2021\/05\/1-16.jpg\" data-link=\"https:\/\/panoramatv.com.do\/?attachment_id=4950\" class=\"wp-image-4950\"\/><figcaption class=\"blocks-gallery-item__caption\">Banreservas y la cantante Keren Montero<\/figcaption><\/figure><\/li><li class=\"blocks-gallery-item\"><figure><img decoding=\"async\" src=\"https:\/\/images.panoramatv.com.do\/wp-content\/uploads\/2021\/05\/0-19.jpg\" alt=\"\" data-id=\"4951\" data-full-url=\"https:\/\/images.panoramatv.com.do\/wp-content\/uploads\/2021\/05\/0-19.jpg\" data-link=\"https:\/\/panoramatv.com.do\/?attachment_id=4951\" class=\"wp-image-4951\"\/><figcaption class=\"blocks-gallery-item__caption\">Banreservas integra a Keren Montero en su campa\u00f1a de 80 aniversario<\/figcaption><\/figure><\/li><\/ul><\/figure>\n","protected":false},"excerpt":{"rendered":"<p>Banreservas y la cantante Keren Montero firmaron un acuerdo que contempla la inclusi\u00f3n de la joven en la campa\u00f1a de 80 aniversario de la instituci\u00f3n financiera, que le otorgar\u00e1 RD$500 mil para apoyar su carrera profesional y estudios, as\u00ed como un aporte adicional en libros y \u00fatiles escolares. La artista, que conquist\u00f3 al p\u00fablico con [&hellip;]<\/p>\n","protected":false},"author":1,"featured_media":4951,"comment_status":"open","ping_status":"open","sticky":false,"template":"","format":"standard","meta":{"_jetpack_memberships_contains_paid_content":false,"footnotes":"","jetpack_publicize_message":"","jetpack_publicize_feature_enabled":true,"jetpack_social_post_already_shared":true,"jetpack_social_options":{"image_generator_settings":{"template":"highway","enabled":false}}},"categories":[10],"tags":[172,103,1152,877],"class_list":["post-4949","post","type-post","status-publish","format-standard","has-post-thumbnail","hentry","category-panorama-social","tag-aniversario","tag-banreservas","tag-keren-montero","tag-panoramatv"],"jetpack_publicize_connections":[],"jetpack_sharing_enabled":true,"jetpack_featured_media_url":"https:\/\/panoramatv.com.do\/wp-content\/uploads\/2021\/05\/0-19.jpg","jetpack_likes_enabled":true,"jetpack-related-posts":[],"_links":{"self":[{"href":"https:\/\/panoramatv.com.do\/index.php\/wp-json\/wp\/v2\/posts\/4949","targetHints":{"allow":["GET"]}}],"collection":[{"href":"https:\/\/panoramatv.com.do\/index.php\/wp-json\/wp\/v2\/posts"}],"about":[{"href":"https:\/\/panoramatv.com.do\/index.php\/wp-json\/wp\/v2\/types\/post"}],"author":[{"embeddable":true,"href":"https:\/\/panoramatv.com.do\/index.php\/wp-json\/wp\/v2\/users\/1"}],"replies":[{"embeddable":true,"href":"https:\/\/panoramatv.com.do\/index.php\/wp-json\/wp\/v2\/comments?post=4949"}],"version-history":[{"count":0,"href":"https:\/\/panoramatv.com.do\/index.php\/wp-json\/wp\/v2\/posts\/4949\/revisions"}],"wp:featuredmedia":[{"embeddable":true,"href":"https:\/\/panoramatv.com.do\/index.php\/wp-json\/wp\/v2\/media\/4951"}],"wp:attachment":[{"href":"https:\/\/panoramatv.com.do\/index.php\/wp-json\/wp\/v2\/media?parent=4949"}],"wp:term":[{"taxonomy":"category","embeddable":true,"href":"https:\/\/panoramatv.com.do\/index.php\/wp-json\/wp\/v2\/categories?post=4949"},{"taxonomy":"post_tag","embeddable":true,"href":"https:\/\/panoramatv.com.do\/index.php\/wp-json\/wp\/v2\/tags?post=4949"}],"curies":[{"name":"wp","href":"https:\/\/api.w.org\/{rel}","templated":true}]}}