{"id":490,"date":"2020-07-13T22:36:38","date_gmt":"2020-07-13T22:36:38","guid":{"rendered":"http:\/\/panoramatv.com.do\/?p=490"},"modified":"2020-07-13T22:36:50","modified_gmt":"2020-07-13T22:36:50","slug":"el-doctor-roberto-fulcar-asegura-que-la-educacion-cambiara-en-republica-dominicana","status":"publish","type":"post","link":"https:\/\/panoramatv.com.do\/index.php\/2020\/07\/13\/el-doctor-roberto-fulcar-asegura-que-la-educacion-cambiara-en-republica-dominicana\/","title":{"rendered":"El doctor Roberto Fulcar asegura que la educaci\u00f3n cambiar\u00e1 en Rep\u00fablica Dominicana"},"content":{"rendered":"\n<p><strong>Santo Domingo, D. N.-<\/strong>El doctor Roberto Fulcar, designado por el presidente electo Luis Abinader como pr\u00f3ximo ministro de Educaci\u00f3n, asegur\u00f3 que se producir\u00e1 un cambio cualitativo y significativo en la educaci\u00f3n dominicana.<\/p>\n\n\n\n<p>El doctor Fulcar observ\u00f3 que el primer reto a resolver por el gobierno del Cambio es la exclusi\u00f3n, ya que en Rep\u00fablica Dominicana hay muchos ni\u00f1os y ni\u00f1as excluidos de la las aulas, especialmente los que provienen de los sectores m\u00e1s deprimidos.<\/p>\n\n\n\n<p>\u201cEl primer problema a resolver es la exclusi\u00f3n, el segundo es la calidad, y el pa\u00eds va a tener educaci\u00f3n de calidad, lo pueden asegurar: a partir del 16 de agosto la educaci\u00f3n cambia\u201d, asegur\u00f3.<\/p>\n\n\n\n<p>El pr\u00f3ximo ministro de Educaci\u00f3n habl\u00f3 a los medios de comunicaci\u00f3n luego de concluir una reuni\u00f3n con el actual ministro, Antonio Pe\u00f1a Mirabal, conjuntamente con las comisiones de transici\u00f3n de las actuales autoridades y las entrantes, en el encuentro conversaron sobre el inicio del pr\u00f3ximo a\u00f1o escolar en el contexto del COVID19 y lo referente al traspaso de mando a las nuevas autoridades educativas que asumir\u00e1n a partir del 16 de agosto.<\/p>\n\n\n\n<p>Fulcar agradeci\u00f3 la invitaci\u00f3n del ministro Pe\u00f1a Mirabal y&nbsp;&nbsp;explic\u00f3 que la visita tiene el prop\u00f3sito de que las comisiones de transici\u00f3n de las autoridades entrantes y las actuales comiencen a revisar las informaciones referentes al Ministerio de Educaci\u00f3n.<\/p>\n\n\n\n<p>Asimismo, el actual ministro de Educaci\u00f3n, Antonio Pe\u00f1a Mirabal, dijo al doctor Roberto Fulcar que su gabinete est\u00e1 reuni\u00e9ndose para tratar el tema del inicio de a\u00f1o escolar y los protocolos que esto conlleva.<\/p>\n\n\n\n<p>Revel\u00f3 que actualmente hay m\u00e1s de 400 centros escolares a nivel nacional que tienen problemas de suministro de agua, cuya soluci\u00f3n definitiva est\u00e1 en proceso de licitaci\u00f3n, pero que se dej\u00f3 la decisi\u00f3n a las nuevas autoridades.<\/p>\n\n\n\n<p>Pe\u00f1a Mirabal explic\u00f3 las \u00e1reas e iniciativas que han identificado para mejorar la calidad de los servicios que el Ministerio de Educaci\u00f3n oferta a la ciudadan\u00eda, as\u00ed como el inicio del pr\u00f3ximo a\u00f1o escolar con una modalidad semipresencial.<\/p>\n\n\n\n<h2 class=\"wp-block-heading\"><\/h2>\n\n\n\n<h2 class=\"wp-block-heading\"><\/h2>\n","protected":false},"excerpt":{"rendered":"<p>Santo Domingo, D. N.-El doctor Roberto Fulcar, designado por el presidente electo Luis Abinader como pr\u00f3ximo ministro de Educaci\u00f3n, asegur\u00f3 que se producir\u00e1 un cambio cualitativo y significativo en la educaci\u00f3n dominicana. El doctor Fulcar observ\u00f3 que el primer reto a resolver por el gobierno del Cambio es la exclusi\u00f3n, ya que en Rep\u00fablica Dominicana [&hellip;]<\/p>\n","protected":false},"author":1,"featured_media":491,"comment_status":"open","ping_status":"open","sticky":false,"template":"","format":"standard","meta":{"_jetpack_memberships_contains_paid_content":false,"footnotes":"","jetpack_publicize_message":"","jetpack_publicize_feature_enabled":true,"jetpack_social_post_already_shared":false,"jetpack_social_options":{"image_generator_settings":{"template":"highway","enabled":false}}},"categories":[1],"tags":[],"class_list":["post-490","post","type-post","status-publish","format-standard","has-post-thumbnail","hentry","category-actualidad"],"jetpack_publicize_connections":[],"jetpack_sharing_enabled":true,"jetpack_featured_media_url":"https:\/\/images.panoramatv.com.do\/wp-content\/uploads\/2020\/07\/0-1.jpg","jetpack_likes_enabled":true,"jetpack-related-posts":[],"_links":{"self":[{"href":"https:\/\/panoramatv.com.do\/index.php\/wp-json\/wp\/v2\/posts\/490"}],"collection":[{"href":"https:\/\/panoramatv.com.do\/index.php\/wp-json\/wp\/v2\/posts"}],"about":[{"href":"https:\/\/panoramatv.com.do\/index.php\/wp-json\/wp\/v2\/types\/post"}],"author":[{"embeddable":true,"href":"https:\/\/panoramatv.com.do\/index.php\/wp-json\/wp\/v2\/users\/1"}],"replies":[{"embeddable":true,"href":"https:\/\/panoramatv.com.do\/index.php\/wp-json\/wp\/v2\/comments?post=490"}],"version-history":[{"count":0,"href":"https:\/\/panoramatv.com.do\/index.php\/wp-json\/wp\/v2\/posts\/490\/revisions"}],"wp:featuredmedia":[{"embeddable":true,"href":"https:\/\/panoramatv.com.do\/index.php\/wp-json\/wp\/v2\/media\/491"}],"wp:attachment":[{"href":"https:\/\/panoramatv.com.do\/index.php\/wp-json\/wp\/v2\/media?parent=490"}],"wp:term":[{"taxonomy":"category","embeddable":true,"href":"https:\/\/panoramatv.com.do\/index.php\/wp-json\/wp\/v2\/categories?post=490"},{"taxonomy":"post_tag","embeddable":true,"href":"https:\/\/panoramatv.com.do\/index.php\/wp-json\/wp\/v2\/tags?post=490"}],"curies":[{"name":"wp","href":"https:\/\/api.w.org\/{rel}","templated":true}]}}