{"id":481,"date":"2020-07-12T22:10:03","date_gmt":"2020-07-12T22:10:03","guid":{"rendered":"http:\/\/panoramatv.com.do\/?p=481"},"modified":"2020-07-12T22:10:10","modified_gmt":"2020-07-12T22:10:10","slug":"juramentan-a-monsenor-ramon-benito-angeles-fernandez-como-nuevo-rector-de-la-ucsd","status":"publish","type":"post","link":"https:\/\/panoramatv.com.do\/index.php\/2020\/07\/12\/juramentan-a-monsenor-ramon-benito-angeles-fernandez-como-nuevo-rector-de-la-ucsd\/","title":{"rendered":"Juramentan a Monse\u00f1or Ram\u00f3n Benito \u00c1ngeles Fern\u00e1ndez como nuevo Rector de la UCSD"},"content":{"rendered":"\n<p><strong>SANTO DOMINGO 2020<\/strong>. El desfile acad\u00e9mico y la procesi\u00f3n de entrada&nbsp;&nbsp;de celebrantes y concelebrantes dieron inicio a la solemne Eucarist\u00eda de Juramentaci\u00f3ndel nuevo Rector de&nbsp;la Universidad Cat\u00f3lica&nbsp;Santo Domingo,&nbsp;<strong>Monse\u00f1or doctor Ram\u00f3n Benito \u00c1ngeles Fern\u00e1ndez<\/strong>, en&nbsp;la Parroquia Santa&nbsp;Mar\u00eda de&nbsp;la Anunciaci\u00f3n, de&nbsp;la UCSD, Campus universitario.<\/p>\n\n\n\n<p>La ceremonia fue presidida por Su Excelencia Reverend\u00edsima&nbsp;<strong>Monse\u00f1or Francisco Ozoria Acosta<\/strong>, Arzobispo Metropolitano de Santo Domingo,&nbsp;Presidente de&nbsp;la Fundaci\u00f3n Universitaria&nbsp;Cat\u00f3lica y Gran Canciller de&nbsp;la Universitaria.<\/p>\n\n\n\n<p>Al concluir&nbsp;la Homil\u00eda,&nbsp;el&nbsp;<strong>Rvdo. Padre Mart\u00edn Guti\u00e9rrez<\/strong>, Canciller del Arzobispado de Santo Domingo, dio lectura del acta de nombramiento del nuevo rector de&nbsp;la Universidad Cat\u00f3lica&nbsp;Santo Domingo, Mons. Dr. Ram\u00f3n Benito \u00c1ngeles Fern\u00e1ndez.<\/p>\n\n\n\n<p>Acto seguido,&nbsp;<strong>S.E.R Monse\u00f1or Francisco Ozoria Acosta<\/strong>, Gran Canciller de&nbsp;la Universidad&nbsp;procedi\u00f3 a colocar los atributos acad\u00e9micos al nuevo rector:&nbsp;<strong>la toga, el birrete y la esclavina<\/strong>,&nbsp;s\u00edmbolos que representan el compromiso con la verdad y la ciencia.<\/p>\n\n\n\n<p>Al tomar la responsabilidad del cargo, el nuevo rector&nbsp;<strong>Monse\u00f1or Dr. Ram\u00f3n Benito \u00c1ngeles Fernandez,&nbsp;<\/strong>afirm\u00f3 que asume la rector\u00eda de esta Universidad en todas sus partes con&nbsp;la&nbsp;<strong>Misi\u00f3n<\/strong><strong>, Visi\u00f3n y Valores<\/strong>, que han dado origen y consolidaci\u00f3n en el transcurrir de su historia desde el 1982 hasta el d\u00eda de hoy.<\/p>\n\n\n\n<p>&nbsp;Un faro de luz para la vida diaria, del quehacer acad\u00e9mico-universitario es esta motivadora e impulsora misi\u00f3n de<em>&nbsp;<strong>\u201cformar y desarrollar a personas en la b\u00fasqueda de la verdad y el conocimiento para fomentar&nbsp;la Ciencia&nbsp;y los Valores de&nbsp;la Cultura Cristiana\u201d.<\/strong><\/em><strong><\/strong><\/p>\n\n\n\n<p>En tanto, que Monse\u00f1or Benito \u00c1ngeles expres\u00f3 que se ir\u00e1n desarrollando y sustentando varios ejes transversales de una praxis val\u00f3rica claramente definidos e integrados en cada instancia de&nbsp;la Universidad&nbsp;y en cada persona apoderada de los valores que la inspiran como son:&nbsp;<strong><em>\u201cVerdad y \u00c9tica, investigaci\u00f3n, excelencia acad\u00e9mica, cosmovisi\u00f3n cristiana, dignidad humana, competitividad\u201d.<\/em><\/strong><\/p>\n\n\n\n<p>Mons. Benito \u00c1ngeles no s\u00f3lo ser\u00e1 el rector de&nbsp;la UCSD, fue designado adem\u00e1s como P\u00e1rroco de&nbsp;la Parroquia Universitaria&nbsp;y Director del Colegio Santo Domingo.<\/p>\n\n\n\n<p><strong>Biograf\u00eda<\/strong><\/p>\n\n\n\n<p><strong>Monse\u00f1or Ram\u00f3n Benito \u00c1ngeles Fern\u00e1ndez,<\/strong>&nbsp;estudi\u00f3 en&nbsp;la Pontificia Universidad&nbsp;Cat\u00f3lica Madre y Maestra, donde obtuvo su t\u00edtulo en Filosof\u00eda. Concluy\u00f3 sus estudios teol\u00f3gicos en el Seminario Pontificio Santo Tom\u00e1s de Aquino, recibiendo el t\u00edtulo de Licenciado en Ciencias Religiosas.<\/p>\n\n\n\n<p>Fue ordenado Presb\u00edtero el 23 de diciembre 1978.<\/p>\n\n\n\n<p>Ha realizado adem\u00e1s, Doctorado en Educaci\u00f3n, Programa Doctoral Nacional para el Liderazgo Educacional, Nova Southeastern University, Fort Lauderdale, Florida, U.S.A. Licentia In Theologia Morali (Master), Pontificia Universitas Lateranensis, Academia Alfonsiana.<\/p>\n\n\n\n<p>Licenciatura en Ciencias Religiosas, Seminario Pontificio Santo Tomas de Aquino, Santo Domingo, Rep\u00fablica Dominicana. Licenciatura en Filosof\u00eda y Letras y Estudios en Trabajo Social, Pontificia Universidad Cat\u00f3lica Madre y Maestra, Santiago, Rep\u00fablica Dominicana.<\/p>\n\n\n\n<p>Fue profesor en&nbsp;la Facultad&nbsp;de Teolog\u00eda y Vicerrector acad\u00e9mico del Seminario Pontificio Santo Tom\u00e1s de Aquino.<\/p>\n\n\n\n<p>Ha tra\u00eddo a Rep\u00fablica Dominicana los movimientos juveniles Escoge, Onda Juvenil Cat\u00f3lica, as\u00ed como Movimiento Cat\u00f3lico Integral de Matrimonios, Pandilla de&nbsp;la Amistad&nbsp;y un Retiro para Abuelos.<\/p>\n\n\n\n<p>El 1 de octubre de 1996, el papa Juan Pablo II le otorg\u00f3 el t\u00edtulo de Capell\u00e1n de Su Santidad.<\/p>\n\n\n\n<p>Fue Cofundador y tambi\u00e9n Rector de&nbsp;la Universidad Cat\u00f3lica&nbsp;Tecnol\u00f3gica del Cibao.<\/p>\n\n\n\n<p>En&nbsp;la Arquidi\u00f3cesis&nbsp;de Santo Domingo, ha sido p\u00e1rroco por 14 a\u00f1os de&nbsp;la Parroquia Evangelizadora&nbsp;Medi\u00e1tica San Antonio de Padua. Tambi\u00e9n fue fundador del Centro de Formaci\u00f3n Integral Juventud y Familia (CEFIJUFA) y as\u00ed como de Cefijufa \u2013Cibao, con sede en&nbsp;La Vega.<\/p>\n\n\n\n<p>El 1 de julio de 2017 el Papa Francisco lo nombr\u00f3 obispo auxiliar de Santo Domingo y titular de Febiana.<\/p>\n\n\n\n<p>Su ordenaci\u00f3n Episcopal fue el 26 de agosto de 2017.<\/p>\n\n\n\n<p>Se desempe\u00f1a como Vicario Episcopal Territorial de Santo Domingo Este al frente de 64 Parroquias.<\/p>\n","protected":false},"excerpt":{"rendered":"<p>SANTO DOMINGO 2020. El desfile acad\u00e9mico y la procesi\u00f3n de entrada&nbsp;&nbsp;de celebrantes y concelebrantes dieron inicio a la solemne Eucarist\u00eda de Juramentaci\u00f3ndel nuevo Rector de&nbsp;la Universidad Cat\u00f3lica&nbsp;Santo Domingo,&nbsp;Monse\u00f1or doctor Ram\u00f3n Benito \u00c1ngeles Fern\u00e1ndez, en&nbsp;la Parroquia Santa&nbsp;Mar\u00eda de&nbsp;la Anunciaci\u00f3n, de&nbsp;la UCSD, Campus universitario. La ceremonia fue presidida por Su Excelencia Reverend\u00edsima&nbsp;Monse\u00f1or Francisco Ozoria Acosta, Arzobispo Metropolitano [&hellip;]<\/p>\n","protected":false},"author":1,"featured_media":482,"comment_status":"open","ping_status":"open","sticky":false,"template":"","format":"standard","meta":{"_jetpack_memberships_contains_paid_content":false,"footnotes":"","jetpack_publicize_message":"","jetpack_publicize_feature_enabled":true,"jetpack_social_post_already_shared":false,"jetpack_social_options":{"image_generator_settings":{"template":"highway","enabled":false}}},"categories":[1],"tags":[],"class_list":["post-481","post","type-post","status-publish","format-standard","has-post-thumbnail","hentry","category-actualidad"],"jetpack_publicize_connections":[],"jetpack_sharing_enabled":true,"jetpack_featured_media_url":"https:\/\/images.panoramatv.com.do\/wp-content\/uploads\/2020\/07\/portada.jpg","jetpack_likes_enabled":true,"jetpack-related-posts":[],"_links":{"self":[{"href":"https:\/\/panoramatv.com.do\/index.php\/wp-json\/wp\/v2\/posts\/481"}],"collection":[{"href":"https:\/\/panoramatv.com.do\/index.php\/wp-json\/wp\/v2\/posts"}],"about":[{"href":"https:\/\/panoramatv.com.do\/index.php\/wp-json\/wp\/v2\/types\/post"}],"author":[{"embeddable":true,"href":"https:\/\/panoramatv.com.do\/index.php\/wp-json\/wp\/v2\/users\/1"}],"replies":[{"embeddable":true,"href":"https:\/\/panoramatv.com.do\/index.php\/wp-json\/wp\/v2\/comments?post=481"}],"version-history":[{"count":0,"href":"https:\/\/panoramatv.com.do\/index.php\/wp-json\/wp\/v2\/posts\/481\/revisions"}],"wp:featuredmedia":[{"embeddable":true,"href":"https:\/\/panoramatv.com.do\/index.php\/wp-json\/wp\/v2\/media\/482"}],"wp:attachment":[{"href":"https:\/\/panoramatv.com.do\/index.php\/wp-json\/wp\/v2\/media?parent=481"}],"wp:term":[{"taxonomy":"category","embeddable":true,"href":"https:\/\/panoramatv.com.do\/index.php\/wp-json\/wp\/v2\/categories?post=481"},{"taxonomy":"post_tag","embeddable":true,"href":"https:\/\/panoramatv.com.do\/index.php\/wp-json\/wp\/v2\/tags?post=481"}],"curies":[{"name":"wp","href":"https:\/\/api.w.org\/{rel}","templated":true}]}}