{"id":4686,"date":"2021-04-26T12:10:14","date_gmt":"2021-04-26T16:10:14","guid":{"rendered":"https:\/\/panoramatv.com.do\/?p=4686"},"modified":"2021-04-26T12:10:22","modified_gmt":"2021-04-26T16:10:22","slug":"banreservas-patrocinara-45-o-torneo-de-baloncesto-del-distrito-nacional","status":"publish","type":"post","link":"https:\/\/panoramatv.com.do\/index.php\/2021\/04\/26\/banreservas-patrocinara-45-o-torneo-de-baloncesto-del-distrito-nacional\/","title":{"rendered":"Banreservas patrocinar\u00e1 45.\u00ba Torneo de Baloncesto del Distrito Nacional"},"content":{"rendered":"\n<p>El Banco de Reservas hizo entrega simb\u00f3lica de la copa del <strong>45.\u00ba <\/strong>Torneo de Baloncesto del Distrito Nacional a la Asociaci\u00f3n de Baloncesto del Distrito (Abadina), en respaldo a la justa que en esta edici\u00f3n est\u00e1 dedicada al exministro de deportes Andr\u00e9s Van der Horst.<\/p>\n\n\n\n<p>El trofeo, por el cual competir\u00e1n desde el 5 de mayo los equipos de la capital, fue entregado por el administrador general de la instituci\u00f3n financiera, Samuel Pereyra, al presidente del Comit\u00e9 Organizador y ministro Administrativo de la Presidencia, Jos\u00e9 Paliza, y \u00e9ste a su vez al presidente de Abadina, Juan Jos\u00e9 Heredia.<\/p>\n\n\n\n<p>Al expresar su satisfacci\u00f3n porque el patrocinio de esta competencia coincide con la celebraci\u00f3n del 80 aniversario de la entidad bancaria, Pereyra enfatiz\u00f3 que para la entidad \u201ces un orgullo apoyar el basketball con una copa que lleva nuestro nombre, Copa Banreservas. Quiero que la fanaticada apoye el torneo que ser\u00e1 un \u00e9xito\u201d.<\/p>\n\n\n\n<p>El presidente del Comit\u00e9 Organizador afirm\u00f3 que es un evento que une a una gran parte de la familia dominicana y que invita al desarrollo integral de los j\u00f3venes y a una mejor vida.<\/p>\n\n\n\n<p>\u201cLa sociedad requiere espacios donde uno pueda unirse. La parte social de una empresa como Banreservas y la visi\u00f3n de que no es solo rentabilidad econ\u00f3mica en una gesti\u00f3n como la que desarrolla el Banco, es la mejor muestra de este apoyo que hoy se le da a Abadina\u201d, dijo Paliza.<\/p>\n\n\n\n<p>El funcionario tambi\u00e9n felicit\u00f3 a Pereyra y a su equipo institucional por dar un giro m\u00e1s humano y cercano a esta importante entidad bancaria. &nbsp;<\/p>\n\n\n\n<p>Agreg\u00f3 que la dedicatoria de este torneo a Andr\u00e9s Van der Horst corresponde a su trabajo, poco recordado, hacia el desarrollo del baloncesto en la difusi\u00f3n de este deporte por todo el pa\u00eds.<\/p>\n\n\n\n<p>Juan Jos\u00e9 Heredia tambi\u00e9n agradeci\u00f3 el gesto de la entidad financiera en facilitar un mayor presupuesto para este a\u00f1o.<\/p>\n\n\n\n<p>\u201cHemos sentido el apoyo del banco con Abadina con un presupuesto, inclusive, m\u00e1s sustancial que en a\u00f1os anteriores, en medio de un a\u00f1o de pandemia. Vamos a cumplir con este compromiso con el Banco, de hacer un torneo de calidad, con un rotundo \u00e9xito para todos\u201d, apunt\u00f3.<\/p>\n\n\n\n<p>La ceremonia se llev\u00f3 a cabo en el s\u00e9ptimo piso de la Torre Banreservas, donde estuvieron representantes de Abadina, directivos del Torneo de Baloncesto Superior y clubes deportivos.<\/p>\n\n\n\n<figure class=\"wp-block-gallery columns-2 is-cropped wp-block-gallery-1 is-layout-flex wp-block-gallery-is-layout-flex\"><ul class=\"blocks-gallery-grid\"><li class=\"blocks-gallery-item\"><figure><img decoding=\"async\" src=\"https:\/\/images.panoramatv.com.do\/wp-content\/uploads\/2021\/04\/1-42.jpg\" alt=\"\" data-id=\"4687\" data-full-url=\"https:\/\/images.panoramatv.com.do\/wp-content\/uploads\/2021\/04\/1-42.jpg\" data-link=\"https:\/\/panoramatv.com.do\/?attachment_id=4687\" class=\"wp-image-4687\"\/><\/figure><\/li><li class=\"blocks-gallery-item\"><figure><img decoding=\"async\" src=\"https:\/\/images.panoramatv.com.do\/wp-content\/uploads\/2021\/04\/12.jpg\" alt=\"\" data-id=\"4688\" data-full-url=\"https:\/\/images.panoramatv.com.do\/wp-content\/uploads\/2021\/04\/12.jpg\" data-link=\"https:\/\/panoramatv.com.do\/?attachment_id=4688\" class=\"wp-image-4688\"\/><\/figure><\/li><\/ul><\/figure>\n","protected":false},"excerpt":{"rendered":"<p>El Banco de Reservas hizo entrega simb\u00f3lica de la copa del 45.\u00ba Torneo de Baloncesto del Distrito Nacional a la Asociaci\u00f3n de Baloncesto del Distrito (Abadina), en respaldo a la justa que en esta edici\u00f3n est\u00e1 dedicada al exministro de deportes Andr\u00e9s Van der Horst. El trofeo, por el cual competir\u00e1n desde el 5 de [&hellip;]<\/p>\n","protected":false},"author":1,"featured_media":4688,"comment_status":"open","ping_status":"open","sticky":false,"template":"","format":"standard","meta":{"_jetpack_memberships_contains_paid_content":false,"footnotes":"","jetpack_publicize_message":"","jetpack_publicize_feature_enabled":true,"jetpack_social_post_already_shared":true,"jetpack_social_options":{"image_generator_settings":{"template":"highway","enabled":false}}},"categories":[10],"tags":[928,103,877,949],"class_list":["post-4686","post","type-post","status-publish","format-standard","has-post-thumbnail","hentry","category-panorama-social","tag-baloncesto","tag-banreservas","tag-panoramatv","tag-torneo"],"jetpack_publicize_connections":[],"jetpack_sharing_enabled":true,"jetpack_featured_media_url":"https:\/\/panoramatv.com.do\/wp-content\/uploads\/2021\/04\/12.jpg","jetpack_likes_enabled":true,"jetpack-related-posts":[],"_links":{"self":[{"href":"https:\/\/panoramatv.com.do\/index.php\/wp-json\/wp\/v2\/posts\/4686","targetHints":{"allow":["GET"]}}],"collection":[{"href":"https:\/\/panoramatv.com.do\/index.php\/wp-json\/wp\/v2\/posts"}],"about":[{"href":"https:\/\/panoramatv.com.do\/index.php\/wp-json\/wp\/v2\/types\/post"}],"author":[{"embeddable":true,"href":"https:\/\/panoramatv.com.do\/index.php\/wp-json\/wp\/v2\/users\/1"}],"replies":[{"embeddable":true,"href":"https:\/\/panoramatv.com.do\/index.php\/wp-json\/wp\/v2\/comments?post=4686"}],"version-history":[{"count":0,"href":"https:\/\/panoramatv.com.do\/index.php\/wp-json\/wp\/v2\/posts\/4686\/revisions"}],"wp:featuredmedia":[{"embeddable":true,"href":"https:\/\/panoramatv.com.do\/index.php\/wp-json\/wp\/v2\/media\/4688"}],"wp:attachment":[{"href":"https:\/\/panoramatv.com.do\/index.php\/wp-json\/wp\/v2\/media?parent=4686"}],"wp:term":[{"taxonomy":"category","embeddable":true,"href":"https:\/\/panoramatv.com.do\/index.php\/wp-json\/wp\/v2\/categories?post=4686"},{"taxonomy":"post_tag","embeddable":true,"href":"https:\/\/panoramatv.com.do\/index.php\/wp-json\/wp\/v2\/tags?post=4686"}],"curies":[{"name":"wp","href":"https:\/\/api.w.org\/{rel}","templated":true}]}}