{"id":453,"date":"2020-05-17T22:31:49","date_gmt":"2020-05-17T22:31:49","guid":{"rendered":"http:\/\/panoramatv.com.do\/?p=453"},"modified":"2020-05-17T22:31:57","modified_gmt":"2020-05-17T22:31:57","slug":"pro-consumidor-aclara-no-es-su-intencion-prohibir-comercio-electronico","status":"publish","type":"post","link":"https:\/\/panoramatv.com.do\/index.php\/2020\/05\/17\/pro-consumidor-aclara-no-es-su-intencion-prohibir-comercio-electronico\/","title":{"rendered":"Pro Consumidor aclara no es su intenci\u00f3n prohibir comercio electr\u00f3nico"},"content":{"rendered":"\n<p><strong>SANTO DOMINGO, Rep\u00fablica Dominicana<\/strong>.-&nbsp; El Instituto Nacional de Protecci\u00f3n de los Derechos del Consumidor (Pro Consumidor), aclar\u00f3 que no ha sido su intenci\u00f3n prohibir las plataformas de comercio electr\u00f3nico de las empresas autorizadas que ofertan bienes por esa v\u00eda en medio de la emergencia del COVID-19. La medida tiene un car\u00e1cter general por lo que no debieron mencionarse nombres de empresas.<\/p>\n\n\n\n<p>La directora ejecutiva de la entidad, Anina Del Castillo, sostuvo que el gran inter\u00e9s de la instituci\u00f3n es que toda la publicidad sea responsable, que la informaci\u00f3n sea transparente y los consumidores reciban justamente lo que han comprado, con los par\u00e1metros de calidad adecuados y la entrega en los plazos establecidos.<\/p>\n\n\n\n<p>Asimismo, indic\u00f3 que es clave en esa actividad del comercio electr\u00f3nico seguir los protocolos establecidos para evitar contagio por COVID-19 en los ciudadanos que distribuyen mercanc\u00edas y en quienes las reciben en sus domicilios.<\/p>\n\n\n\n<p>Dijo que se mantendr\u00e1 vigilante para que prevalezcan las buenas pr\u00e1cticas tanto en el comercio ordinario -autorizado para operar durante la emergencia- como en el comercio electr\u00f3nico que, ciertamente, contribuye con que los consumidores resuelvan determinadas necesidades.<br><\/p>\n","protected":false},"excerpt":{"rendered":"<p>SANTO DOMINGO, Rep\u00fablica Dominicana.-&nbsp; El Instituto Nacional de Protecci\u00f3n de los Derechos del Consumidor (Pro Consumidor), aclar\u00f3 que no ha sido su intenci\u00f3n prohibir las plataformas de comercio electr\u00f3nico de las empresas autorizadas que ofertan bienes por esa v\u00eda en medio de la emergencia del COVID-19. La medida tiene un car\u00e1cter general por lo que [&hellip;]<\/p>\n","protected":false},"author":1,"featured_media":454,"comment_status":"open","ping_status":"open","sticky":false,"template":"","format":"standard","meta":{"_jetpack_memberships_contains_paid_content":false,"footnotes":"","jetpack_publicize_message":"","jetpack_publicize_feature_enabled":true,"jetpack_social_post_already_shared":false,"jetpack_social_options":{"image_generator_settings":{"template":"highway","enabled":false}}},"categories":[9],"tags":[],"class_list":["post-453","post","type-post","status-publish","format-standard","has-post-thumbnail","hentry","category-panorama-economico"],"jetpack_publicize_connections":[],"jetpack_sharing_enabled":true,"jetpack_featured_media_url":"https:\/\/images.panoramatv.com.do\/wp-content\/uploads\/2020\/05\/unnamed.png","jetpack_likes_enabled":true,"jetpack-related-posts":[],"_links":{"self":[{"href":"https:\/\/panoramatv.com.do\/index.php\/wp-json\/wp\/v2\/posts\/453"}],"collection":[{"href":"https:\/\/panoramatv.com.do\/index.php\/wp-json\/wp\/v2\/posts"}],"about":[{"href":"https:\/\/panoramatv.com.do\/index.php\/wp-json\/wp\/v2\/types\/post"}],"author":[{"embeddable":true,"href":"https:\/\/panoramatv.com.do\/index.php\/wp-json\/wp\/v2\/users\/1"}],"replies":[{"embeddable":true,"href":"https:\/\/panoramatv.com.do\/index.php\/wp-json\/wp\/v2\/comments?post=453"}],"version-history":[{"count":0,"href":"https:\/\/panoramatv.com.do\/index.php\/wp-json\/wp\/v2\/posts\/453\/revisions"}],"wp:featuredmedia":[{"embeddable":true,"href":"https:\/\/panoramatv.com.do\/index.php\/wp-json\/wp\/v2\/media\/454"}],"wp:attachment":[{"href":"https:\/\/panoramatv.com.do\/index.php\/wp-json\/wp\/v2\/media?parent=453"}],"wp:term":[{"taxonomy":"category","embeddable":true,"href":"https:\/\/panoramatv.com.do\/index.php\/wp-json\/wp\/v2\/categories?post=453"},{"taxonomy":"post_tag","embeddable":true,"href":"https:\/\/panoramatv.com.do\/index.php\/wp-json\/wp\/v2\/tags?post=453"}],"curies":[{"name":"wp","href":"https:\/\/api.w.org\/{rel}","templated":true}]}}