{"id":450,"date":"2020-05-17T22:22:32","date_gmt":"2020-05-17T22:22:32","guid":{"rendered":"http:\/\/panoramatv.com.do\/?p=450"},"modified":"2020-05-17T22:22:38","modified_gmt":"2020-05-17T22:22:38","slug":"rafael-paz-dice-comercio-electronico-ha-sido-refugio-de-emprendedores","status":"publish","type":"post","link":"https:\/\/panoramatv.com.do\/index.php\/2020\/05\/17\/rafael-paz-dice-comercio-electronico-ha-sido-refugio-de-emprendedores\/","title":{"rendered":"Rafael Paz dice comercio electr\u00f3nico ha sido refugio de emprendedores"},"content":{"rendered":"\n<p>\n\nEl candidato a senador del Distrito Nacional por el Partido de la Liberaci\u00f3n Dominicana (PLD), Rafael Paz, afirm\u00f3 este s\u00e1bado que el comercio electr\u00f3nico ha sido el refugio de miles de emprendedores y empresas dominicanas para paliar los efectos adversos del COVID-19 en \u201cnuestra econom\u00eda\u201d.<\/p>\n\n\n\n<p>\u201cComo pa\u00eds debemos tomar todas las medidas necesarias para fomentarlo y expandirlo\u201d, expres\u00f3 Paz quien reaccion\u00f3 satisfecho luego de que Proconsumidor aclarase que no proh\u00edbe el comercio electr\u00f3nico empresas locales como circulara ayer en varios medios de comunicaci\u00f3n.<\/p>\n\n\n\n<p>Entrevistado en el programa El Gobierno de los S\u00e1bados, que se transmite por la Z101, Paz expres\u00f3 que apoya la \u201cdigitalizaci\u00f3n\u201d de la Rep\u00fablica Dominicana, en la que las empresas locales puedan llevar sus productores a los hogares a trav\u00e9s del comercio electr\u00f3nico.<\/p>\n\n\n\n<p>\u201cEstoy decidido a apoyar firmemente la digitalizaci\u00f3n de Rep\u00fablica Dominicana, y le doy un 100 por ciento al E Comerce Local. Tenemos que entender que tenemos una econom\u00eda abierta y globalizada, y debemos darles la misma oportunidad a las empresas locales para que puedan llevar sus productos a los hogares a trav\u00e9s del comercio electr\u00f3nico. Tenemos que tomar medidas para fomentarlo\u201d, subray\u00f3.<\/p>\n\n\n\n<p>Dijo que el comercio electr\u00f3nico es plenamente compatible con las normas de distancia social que van a caracterizar la nueva normalidad a partir de la enfermedad transmitida por el coronavirus.<\/p>\n\n\n\n<p>Propuso al Ministerio de Industria, Comercio y Mipymes activar un plan especial de fomento y adiestramiento de peque\u00f1as empresas y emprendedores en comercio electr\u00f3nico a trav\u00e9s de los centros mipymes que existente en todo el pa\u00eds.<\/p>\n\n\n\n<p>\u201cEl emprendimiento y la transformaci\u00f3n digital son parte importante del desarrollo de nuestra sociedad. Debemos aprovechar esta crisis para crear todas las condiciones para nuestras empresas y emprendedores. Tengo un gran compromiso con estos temas\u201d, manifest\u00f3.<\/p>\n\n\n\n<p>A\u00f1adi\u00f3 que siempre estar\u00e1 en disposici\u00f3n de abogar por los derechos y las oportunidades para el desarrollo de \u201cnuestra gente\u201d. \u201cEl liderazgo se trata de actuar, as\u00ed con acci\u00f3n constante avanzaremos juntos\u201d, concluy\u00f3.\n\n<\/p>\n","protected":false},"excerpt":{"rendered":"<p>El candidato a senador del Distrito Nacional por el Partido de la Liberaci\u00f3n Dominicana (PLD), Rafael Paz, afirm\u00f3 este s\u00e1bado que el comercio electr\u00f3nico ha sido el refugio de miles de emprendedores y empresas dominicanas para paliar los efectos adversos del COVID-19 en \u201cnuestra econom\u00eda\u201d. \u201cComo pa\u00eds debemos tomar todas las medidas necesarias para fomentarlo [&hellip;]<\/p>\n","protected":false},"author":1,"featured_media":451,"comment_status":"open","ping_status":"open","sticky":false,"template":"","format":"standard","meta":{"_jetpack_memberships_contains_paid_content":false,"footnotes":"","jetpack_publicize_message":"","jetpack_publicize_feature_enabled":true,"jetpack_social_post_already_shared":false,"jetpack_social_options":{"image_generator_settings":{"template":"highway","enabled":false}}},"categories":[7],"tags":[],"class_list":["post-450","post","type-post","status-publish","format-standard","has-post-thumbnail","hentry","category-panorama-politico"],"jetpack_publicize_connections":[],"jetpack_sharing_enabled":true,"jetpack_featured_media_url":"https:\/\/images.panoramatv.com.do\/wp-content\/uploads\/2020\/05\/2-3.jpg","jetpack_likes_enabled":true,"jetpack-related-posts":[],"_links":{"self":[{"href":"https:\/\/panoramatv.com.do\/index.php\/wp-json\/wp\/v2\/posts\/450"}],"collection":[{"href":"https:\/\/panoramatv.com.do\/index.php\/wp-json\/wp\/v2\/posts"}],"about":[{"href":"https:\/\/panoramatv.com.do\/index.php\/wp-json\/wp\/v2\/types\/post"}],"author":[{"embeddable":true,"href":"https:\/\/panoramatv.com.do\/index.php\/wp-json\/wp\/v2\/users\/1"}],"replies":[{"embeddable":true,"href":"https:\/\/panoramatv.com.do\/index.php\/wp-json\/wp\/v2\/comments?post=450"}],"version-history":[{"count":0,"href":"https:\/\/panoramatv.com.do\/index.php\/wp-json\/wp\/v2\/posts\/450\/revisions"}],"wp:featuredmedia":[{"embeddable":true,"href":"https:\/\/panoramatv.com.do\/index.php\/wp-json\/wp\/v2\/media\/451"}],"wp:attachment":[{"href":"https:\/\/panoramatv.com.do\/index.php\/wp-json\/wp\/v2\/media?parent=450"}],"wp:term":[{"taxonomy":"category","embeddable":true,"href":"https:\/\/panoramatv.com.do\/index.php\/wp-json\/wp\/v2\/categories?post=450"},{"taxonomy":"post_tag","embeddable":true,"href":"https:\/\/panoramatv.com.do\/index.php\/wp-json\/wp\/v2\/tags?post=450"}],"curies":[{"name":"wp","href":"https:\/\/api.w.org\/{rel}","templated":true}]}}