{"id":447,"date":"2020-05-17T22:20:30","date_gmt":"2020-05-17T22:20:30","guid":{"rendered":"http:\/\/panoramatv.com.do\/?p=447"},"modified":"2020-05-17T22:20:35","modified_gmt":"2020-05-17T22:20:35","slug":"comando-nacional-de-crecimiento-de-luis-abinader-juramenta-a-sus-dirigentes-en-santo-domingo-este","status":"publish","type":"post","link":"https:\/\/panoramatv.com.do\/index.php\/2020\/05\/17\/comando-nacional-de-crecimiento-de-luis-abinader-juramenta-a-sus-dirigentes-en-santo-domingo-este\/","title":{"rendered":"Comando Nacional de Crecimiento de Luis Abinader juramenta a sus dirigentes en Santo Domingo Este"},"content":{"rendered":"\n<p><strong>Santo Domingo.-<\/strong>&nbsp;El Comando Nacional de Crecimiento del proyecto presidencial Luis Abinader, realiz\u00f3 la juramentaci\u00f3n de decenas de profesionales, t\u00e9cnicos, dirigentes comunitarios y religiosos de Santo Domingo Este.<\/p>\n\n\n\n<p>La juramentaci\u00f3n estuvo precedida por Edgar Feliz M\u00e9ndez, su Director Nacional, y Dagoberto Rodr\u00edguez Adames, adem\u00e1s de una gran parte de la Direcci\u00f3n Nacional y Municipal de Santo Domingo Este.<\/p>\n\n\n\n<p>Los nuevos miembros del comando de crecimiento, se comprometieron a sumar voluntades con el objetivo de convertir a Luis Abinader, en el pr\u00f3ximo presidente de la Rep\u00fablica en la primera vuelta electoral el 5 de julio.<\/p>\n\n\n\n<p>Asimismo, quedaron incorporados en las tareas rutinarias de crecimiento, y se\u00f1alaron que Luis Abinader, representa el m\u00e1s genuino cambio que necesita la Rep\u00fablica Dominicana.&nbsp;<\/p>\n","protected":false},"excerpt":{"rendered":"<p>Santo Domingo.-&nbsp;El Comando Nacional de Crecimiento del proyecto presidencial Luis Abinader, realiz\u00f3 la juramentaci\u00f3n de decenas de profesionales, t\u00e9cnicos, dirigentes comunitarios y religiosos de Santo Domingo Este. La juramentaci\u00f3n estuvo precedida por Edgar Feliz M\u00e9ndez, su Director Nacional, y Dagoberto Rodr\u00edguez Adames, adem\u00e1s de una gran parte de la Direcci\u00f3n Nacional y Municipal de Santo [&hellip;]<\/p>\n","protected":false},"author":1,"featured_media":448,"comment_status":"open","ping_status":"open","sticky":false,"template":"","format":"standard","meta":{"_jetpack_memberships_contains_paid_content":false,"footnotes":"","jetpack_publicize_message":"","jetpack_publicize_feature_enabled":true,"jetpack_social_post_already_shared":false,"jetpack_social_options":{"image_generator_settings":{"template":"highway","enabled":false}}},"categories":[7],"tags":[],"class_list":["post-447","post","type-post","status-publish","format-standard","has-post-thumbnail","hentry","category-panorama-politico"],"jetpack_publicize_connections":[],"jetpack_sharing_enabled":true,"jetpack_featured_media_url":"https:\/\/images.panoramatv.com.do\/wp-content\/uploads\/2020\/05\/2-2.jpg","jetpack_likes_enabled":true,"jetpack-related-posts":[],"_links":{"self":[{"href":"https:\/\/panoramatv.com.do\/index.php\/wp-json\/wp\/v2\/posts\/447"}],"collection":[{"href":"https:\/\/panoramatv.com.do\/index.php\/wp-json\/wp\/v2\/posts"}],"about":[{"href":"https:\/\/panoramatv.com.do\/index.php\/wp-json\/wp\/v2\/types\/post"}],"author":[{"embeddable":true,"href":"https:\/\/panoramatv.com.do\/index.php\/wp-json\/wp\/v2\/users\/1"}],"replies":[{"embeddable":true,"href":"https:\/\/panoramatv.com.do\/index.php\/wp-json\/wp\/v2\/comments?post=447"}],"version-history":[{"count":0,"href":"https:\/\/panoramatv.com.do\/index.php\/wp-json\/wp\/v2\/posts\/447\/revisions"}],"wp:featuredmedia":[{"embeddable":true,"href":"https:\/\/panoramatv.com.do\/index.php\/wp-json\/wp\/v2\/media\/448"}],"wp:attachment":[{"href":"https:\/\/panoramatv.com.do\/index.php\/wp-json\/wp\/v2\/media?parent=447"}],"wp:term":[{"taxonomy":"category","embeddable":true,"href":"https:\/\/panoramatv.com.do\/index.php\/wp-json\/wp\/v2\/categories?post=447"},{"taxonomy":"post_tag","embeddable":true,"href":"https:\/\/panoramatv.com.do\/index.php\/wp-json\/wp\/v2\/tags?post=447"}],"curies":[{"name":"wp","href":"https:\/\/api.w.org\/{rel}","templated":true}]}}