{"id":4455,"date":"2021-04-09T21:17:01","date_gmt":"2021-04-10T01:17:01","guid":{"rendered":"https:\/\/panoramatv.com.do\/?p=4455"},"modified":"2021-04-09T21:17:07","modified_gmt":"2021-04-10T01:17:07","slug":"avanza-proceso-de-licitacion-de-dos-plantas-y-terminal-de-gas-en-manzanillo","status":"publish","type":"post","link":"https:\/\/panoramatv.com.do\/index.php\/2021\/04\/09\/avanza-proceso-de-licitacion-de-dos-plantas-y-terminal-de-gas-en-manzanillo\/","title":{"rendered":"Avanza proceso de licitaci\u00f3n de dos plantas y terminal de gas en Manzanillo"},"content":{"rendered":"\n<p>Avanza seg\u00fan el cronograma aprobado el proceso de licitaci\u00f3n p\u00fablica internacional para la construcci\u00f3n, por parte del sector privado, de dos plantas de generaci\u00f3n a gas natural hasta un total de hasta 800 megavatios netos y una terminal de gas natural en la zona de Manzanillo, en la L\u00ednea Noroeste.<\/p>\n\n\n\n<p>Esta primera fase se inici\u00f3 a mediados de marzo pasado con la divulgaci\u00f3n en los principales diarios impresos del pa\u00eds, as\u00ed como en varias publicaciones internacionales de la convocatoria a participar del proceso lanzado por las empresas distribuidoras Edenorte, Edesur y Edeeste, bajo la coordinaci\u00f3n del Ministerio de Energ\u00eda y Minas.<\/p>\n\n\n\n<p>El ministro Antonio Almonte, en su calidad de presidente del Comit\u00e9 de Licitaci\u00f3n, ha encabezado dos encuentros para dar seguimiento a toda la organizaci\u00f3n, definici\u00f3n de reglamentos, protocolos; nombramiento de peritos especializados, asesores y la participaci\u00f3n de un cuerpo de observadores independientes calificados, que garanticen los m\u00e1s altos niveles de transparencia y participaci\u00f3n.<\/p>\n\n\n\n<p>Durante la reuni\u00f3n de este jueves fue dado a conocer el inter\u00e9s de casi dos docenas de empresas nacionales de prestigio e internacionales de gran renombre que retiraron los pliegos de condiciones para participar de la licitaci\u00f3n.<\/p>\n\n\n\n<p>Almonte inform\u00f3 que tanto el presidente Luis Abinader como \u00e9l y todos los que le acompa\u00f1an en el MEM est\u00e1n interesados en que el proceso sea rodeado de transparencia y credibilidad.<\/p>\n\n\n\n<p>Adem\u00e1s de Almonte, el Comit\u00e9 de Licitaci\u00f3n est\u00e1 integrado por Pedro Silverio, asesor econ\u00f3mico de la Presidencia de la Rep\u00fablica; Andr\u00e9s Astacio, vicepresidente ejecutivo de las EDE; Delmis Marte Hichez, encargada de la Oficina de Libre Acceso a la Informaci\u00f3n del MEM y Matilde Balc\u00e1cer, directora legal.<\/p>\n\n\n\n<p>Este Comit\u00e9 cuenta con un cuerpo de peritos t\u00e9cnicos, incluyendo representantes de organismos internacionales y de empresas extranjeras de inversi\u00f3n.<\/p>\n\n\n\n<div class=\"wp-block-image\"><figure class=\"aligncenter size-large\"><img decoding=\"async\" src=\"https:\/\/images.panoramatv.com.do\/wp-content\/uploads\/2021\/04\/0-18-1024x522.jpg\" alt=\"\" class=\"wp-image-4456\"\/><\/figure><\/div>\n","protected":false},"excerpt":{"rendered":"<p>Avanza seg\u00fan el cronograma aprobado el proceso de licitaci\u00f3n p\u00fablica internacional para la construcci\u00f3n, por parte del sector privado, de dos plantas de generaci\u00f3n a gas natural hasta un total de hasta 800 megavatios netos y una terminal de gas natural en la zona de Manzanillo, en la L\u00ednea Noroeste. Esta primera fase se inici\u00f3 [&hellip;]<\/p>\n","protected":false},"author":1,"featured_media":4456,"comment_status":"open","ping_status":"open","sticky":false,"template":"","format":"standard","meta":{"_jetpack_memberships_contains_paid_content":false,"footnotes":"","jetpack_publicize_message":"","jetpack_publicize_feature_enabled":true,"jetpack_social_post_already_shared":true,"jetpack_social_options":{"image_generator_settings":{"template":"highway","enabled":false}}},"categories":[9],"tags":[877,985],"class_list":["post-4455","post","type-post","status-publish","format-standard","has-post-thumbnail","hentry","category-panorama-economico","tag-panoramatv","tag-terminal-de-gas"],"jetpack_publicize_connections":[],"jetpack_sharing_enabled":true,"jetpack_featured_media_url":"https:\/\/images.panoramatv.com.do\/wp-content\/uploads\/2021\/04\/0-18.jpg","jetpack_likes_enabled":true,"jetpack-related-posts":[],"_links":{"self":[{"href":"https:\/\/panoramatv.com.do\/index.php\/wp-json\/wp\/v2\/posts\/4455"}],"collection":[{"href":"https:\/\/panoramatv.com.do\/index.php\/wp-json\/wp\/v2\/posts"}],"about":[{"href":"https:\/\/panoramatv.com.do\/index.php\/wp-json\/wp\/v2\/types\/post"}],"author":[{"embeddable":true,"href":"https:\/\/panoramatv.com.do\/index.php\/wp-json\/wp\/v2\/users\/1"}],"replies":[{"embeddable":true,"href":"https:\/\/panoramatv.com.do\/index.php\/wp-json\/wp\/v2\/comments?post=4455"}],"version-history":[{"count":0,"href":"https:\/\/panoramatv.com.do\/index.php\/wp-json\/wp\/v2\/posts\/4455\/revisions"}],"wp:featuredmedia":[{"embeddable":true,"href":"https:\/\/panoramatv.com.do\/index.php\/wp-json\/wp\/v2\/media\/4456"}],"wp:attachment":[{"href":"https:\/\/panoramatv.com.do\/index.php\/wp-json\/wp\/v2\/media?parent=4455"}],"wp:term":[{"taxonomy":"category","embeddable":true,"href":"https:\/\/panoramatv.com.do\/index.php\/wp-json\/wp\/v2\/categories?post=4455"},{"taxonomy":"post_tag","embeddable":true,"href":"https:\/\/panoramatv.com.do\/index.php\/wp-json\/wp\/v2\/tags?post=4455"}],"curies":[{"name":"wp","href":"https:\/\/api.w.org\/{rel}","templated":true}]}}