{"id":4451,"date":"2021-04-09T21:13:53","date_gmt":"2021-04-10T01:13:53","guid":{"rendered":"https:\/\/panoramatv.com.do\/?p=4451"},"modified":"2021-04-09T21:14:00","modified_gmt":"2021-04-10T01:14:00","slug":"pediatras-llaman-a-la-poblacion-a-completar-esquema-de-vacunacion-de-los-ninos-debido-a-muertes-por-difteria","status":"publish","type":"post","link":"https:\/\/panoramatv.com.do\/index.php\/2021\/04\/09\/pediatras-llaman-a-la-poblacion-a-completar-esquema-de-vacunacion-de-los-ninos-debido-a-muertes-por-difteria\/","title":{"rendered":"Pediatras llaman a la poblaci\u00f3n a completar esquema de vacunaci\u00f3n de los ni\u00f1os, debido a muertes por difteria"},"content":{"rendered":"\n<p>Santo Domingo. Tras la alerta epidemiol\u00f3gica por difteria que presenta el pa\u00eds, la Sociedad Dominicana de Pediatr\u00eda llama a la &nbsp;poblaci\u00f3n a completar el esquema de vacunaci\u00f3n de los ni\u00f1os, as\u00ed como a las autoridades de salud para que tengan disponibles a nivel nacional &nbsp;estas vacunas, a fin de prevenir y evitar el incremento de casos.<\/p>\n\n\n\n<p>Las declaraciones fueron expuestas por el doctor Marcos D\u00edaz Guill\u00e9n, presidente de esta sociedad m\u00e9dica, quien afirma que tanto la poblaci\u00f3n como las autoridades han descuidado otros temas &nbsp;importantes del cuidado de la salud a ra\u00edz de la &nbsp;pandemia; un llamado que vienen enfatizando desde mediados del 2020, cuando se cerraron la mayor\u00eda de los centros de vacunaci\u00f3n p\u00fablicos y privados por temor al contagio.<\/p>\n\n\n\n<p>\u201cNo hay dudas que los casos reportados ayer por la divisi\u00f3n de Epidemiolog\u00eda de Salud P\u00fablica sobre los 10 casos esparcidos a nivel nacional (Bani, San Cristobal, Neiba , Yamas\u00e1, Santo Domingo Norte y los Alcarrizos) estos ni\u00f1os no hab\u00edan cumplido con el esquema de vacunaci\u00f3n\u201d, explica el especialista.&nbsp; Los afectados comprenden entre los dos y 14 a\u00f1os de edad.<\/p>\n\n\n\n<p>D\u00edaz Guill\u00e9n agreg\u00f3 &nbsp;que lamentablemente &nbsp;no ten\u00edan las dosis necesarias para prevenir la infecci\u00f3n por difteria, de ah\u00ed la importancia de que todos- sociedad civil, Gobierno, autoridades vinculadas a la Salud, sociedades especializadas, incentiven y recuerden a la poblaci\u00f3n &nbsp;que el programa de vacunaci\u00f3n debe completarse en todos los ni\u00f1os y adultos.<\/p>\n\n\n\n<p>La Sociedad Dominicana de Pediatr\u00eda acude &nbsp;tambi\u00e9n ante este y posibles brotes a todos los pediatras del pa\u00eds &nbsp;para &nbsp;que exijan la tarjeta de vacunaci\u00f3n a los padres que vayan a consulta, no importa la raz\u00f3n por la cual hayan asistido. Que este requerimiento se convierta en parte del &nbsp;protocolo de Salud, as\u00ed como explicarles en cada visita la importancia de estar vacunados.<\/p>\n\n\n\n<p>\u201cEso ayudar\u00e1 a que la poblaci\u00f3n entienda que las vacunas salvan vidas, que debemos estar vacunados no solamente de la difteria, t\u00e9tano y la tosferina, sino tambi\u00e9n contra el sarampi\u00f3n, rub\u00e9ola,influenza, neumococo, entre otras. Porque las vacunas, a pesar de las corrientes negativas que suelen mencionarse, son el invento m\u00e1s importante para salvar vidas\u201d, enfatiz\u00f3.<\/p>\n\n\n\n<p>Adem\u00e1s, como presidente de este gremio &nbsp;puntualiz\u00f3 que &nbsp;nivel gubernamental y &nbsp;del Ministerio es imperante que todos los centros de vacunaci\u00f3n p\u00fablicos tengan el abastecimiento necesario de las vacunas que la poblaci\u00f3n necesita en estos momentos &nbsp;y siempre, porque no es efectivo hacer un llamado a la poblaci\u00f3n si no se puede dar respuesta con la disponibilidad de las vacunas a todos los niveles.<\/p>\n\n\n\n<div class=\"wp-block-image\"><figure class=\"aligncenter size-large\"><img decoding=\"async\" src=\"https:\/\/images.panoramatv.com.do\/wp-content\/uploads\/2021\/04\/0-17-1024x683.jpg\" alt=\"\" class=\"wp-image-4453\"\/><\/figure><\/div>\n","protected":false},"excerpt":{"rendered":"<p>Santo Domingo. Tras la alerta epidemiol\u00f3gica por difteria que presenta el pa\u00eds, la Sociedad Dominicana de Pediatr\u00eda llama a la &nbsp;poblaci\u00f3n a completar el esquema de vacunaci\u00f3n de los ni\u00f1os, as\u00ed como a las autoridades de salud para que tengan disponibles a nivel nacional &nbsp;estas vacunas, a fin de prevenir y evitar el incremento de [&hellip;]<\/p>\n","protected":false},"author":1,"featured_media":4453,"comment_status":"open","ping_status":"open","sticky":false,"template":"","format":"standard","meta":{"_jetpack_memberships_contains_paid_content":false,"footnotes":"","jetpack_publicize_message":"","jetpack_publicize_feature_enabled":true,"jetpack_social_post_already_shared":true,"jetpack_social_options":{"image_generator_settings":{"template":"highway","enabled":false}}},"categories":[8],"tags":[877,984,30,679],"class_list":["post-4451","post","type-post","status-publish","format-standard","has-post-thumbnail","hentry","category-panorama-de-salud","tag-panoramatv","tag-pediatras","tag-salud","tag-vacunacion"],"jetpack_publicize_connections":[],"jetpack_sharing_enabled":true,"jetpack_featured_media_url":"https:\/\/images.panoramatv.com.do\/wp-content\/uploads\/2021\/04\/0-17.jpg","jetpack_likes_enabled":true,"jetpack-related-posts":[],"_links":{"self":[{"href":"https:\/\/panoramatv.com.do\/index.php\/wp-json\/wp\/v2\/posts\/4451"}],"collection":[{"href":"https:\/\/panoramatv.com.do\/index.php\/wp-json\/wp\/v2\/posts"}],"about":[{"href":"https:\/\/panoramatv.com.do\/index.php\/wp-json\/wp\/v2\/types\/post"}],"author":[{"embeddable":true,"href":"https:\/\/panoramatv.com.do\/index.php\/wp-json\/wp\/v2\/users\/1"}],"replies":[{"embeddable":true,"href":"https:\/\/panoramatv.com.do\/index.php\/wp-json\/wp\/v2\/comments?post=4451"}],"version-history":[{"count":0,"href":"https:\/\/panoramatv.com.do\/index.php\/wp-json\/wp\/v2\/posts\/4451\/revisions"}],"wp:featuredmedia":[{"embeddable":true,"href":"https:\/\/panoramatv.com.do\/index.php\/wp-json\/wp\/v2\/media\/4453"}],"wp:attachment":[{"href":"https:\/\/panoramatv.com.do\/index.php\/wp-json\/wp\/v2\/media?parent=4451"}],"wp:term":[{"taxonomy":"category","embeddable":true,"href":"https:\/\/panoramatv.com.do\/index.php\/wp-json\/wp\/v2\/categories?post=4451"},{"taxonomy":"post_tag","embeddable":true,"href":"https:\/\/panoramatv.com.do\/index.php\/wp-json\/wp\/v2\/tags?post=4451"}],"curies":[{"name":"wp","href":"https:\/\/api.w.org\/{rel}","templated":true}]}}