{"id":441,"date":"2020-05-17T22:12:13","date_gmt":"2020-05-17T22:12:13","guid":{"rendered":"http:\/\/panoramatv.com.do\/?p=441"},"modified":"2020-05-17T22:12:20","modified_gmt":"2020-05-17T22:12:20","slug":"regional-17-de-educacion-presentan-rendicion-de-cuentas-de-la-gestion-institucional-2019","status":"publish","type":"post","link":"https:\/\/panoramatv.com.do\/index.php\/2020\/05\/17\/regional-17-de-educacion-presentan-rendicion-de-cuentas-de-la-gestion-institucional-2019\/","title":{"rendered":"Regional 17 de Educaci\u00f3n presentan rendici\u00f3n de cuentas de la gesti\u00f3n institucional 2019"},"content":{"rendered":"\n<p><strong>MONTE PLATA. &#8211;<\/strong>&nbsp;La Direcci\u00f3n Regional de Educaci\u00f3n 17 present\u00f3 su rendici\u00f3n de cuentas correspondiente al pasado a\u00f1o 2019, durante un acto virtual presidido por Jes\u00fas Manuel Soriano, director de esa dependencia del Ministerio de Educaci\u00f3n (MINERD), quien esboz\u00f3 los logros y proyectos concretados durante dicho per\u00edodo.<\/p>\n\n\n\n<p>En el evento se detallaron las principales acciones desarrolladas por la regional en \u00e1reas como la capacitaci\u00f3n y formaci\u00f3n docente, fortalecimiento institucional, impacto del programa Rep\u00fablica Digital Educaci\u00f3n, avances en materia de infraestructura escolar, acompa\u00f1amiento, monitoreo y supervisi\u00f3n a la labor docente, y otras ejecutorias; algunas de las cuales se mostraron a trav\u00e9s de audiovisuales.<\/p>\n\n\n\n<p>Jes\u00fas Soriano, resalt\u00f3 la labor realizada por los equipos de trabajo, con la asesor\u00eda de la Organizaci\u00f3n de Estados Iberoamericanos (OEI), para finalizar y poner en ejecuci\u00f3n el Plan Estrat\u00e9gico Regional 2019-2024, en el que se establecen los objetivos y metas estrat\u00e9gicas a desarrollar durante los pr\u00f3ximos cinco a\u00f1os.<\/p>\n\n\n\n<p>Asimismo, Soriano defini\u00f3 como un logro colectivo la aplicaci\u00f3n de la autoevaluaci\u00f3n CAF, avalada por el Ministerio de Administraci\u00f3n P\u00fablica, al tiempo de manifestar su satisfacci\u00f3n por los resultados obtenidos en dicha evaluaci\u00f3n, resaltados en las conclusiones del informe del MAP.<\/p>\n\n\n\n<p>Igualmente, destac\u00f3 los avances en la gesti\u00f3n financiera y administrativa de la regional, puesta de manifiesto en una auditor\u00eda realizada por el MINERD, lo que ponder\u00f3 como muestra de transparencia.<\/p>\n\n\n\n<p>En ese sentido, Ram\u00f3n P\u00e9rez, presidente de la Junta Regional Descentralizada, resalt\u00f3 la importancia de rendir cuentas a la comunidad sobre el manejo de los recursos que el Estado destina a la entidad educativa.<\/p>\n\n\n\n<p>En la actividad transmitida por las plataformas digitales de la instituci\u00f3n estuvieron presentes personalidades de la comunidad educativa, entre las que se destacan Camil Guti\u00e9rrez y Nilsa Garabitos, representantes de la OEI; Guillermo Flores, representante de la Oficina de Gesti\u00f3n Senatorial; Cruz Mar\u00eda Rosario, t\u00e9cnico enlace de supervisi\u00f3n educativa del MINERD; miembros de la Junta Regional; directores distritales, t\u00e9cnicos, maestros, representantes de las APMAES, de la Asociaci\u00f3n Dominicana de Profesores (ADP), de la Asociaci\u00f3n Nacional de Profesionales y T\u00e9cnicos de la Educaci\u00f3n(ANPROTEC), as\u00ed como personal administrativo.<\/p>\n","protected":false},"excerpt":{"rendered":"<p>MONTE PLATA. &#8211;&nbsp;La Direcci\u00f3n Regional de Educaci\u00f3n 17 present\u00f3 su rendici\u00f3n de cuentas correspondiente al pasado a\u00f1o 2019, durante un acto virtual presidido por Jes\u00fas Manuel Soriano, director de esa dependencia del Ministerio de Educaci\u00f3n (MINERD), quien esboz\u00f3 los logros y proyectos concretados durante dicho per\u00edodo. En el evento se detallaron las principales acciones desarrolladas [&hellip;]<\/p>\n","protected":false},"author":1,"featured_media":442,"comment_status":"open","ping_status":"open","sticky":false,"template":"","format":"standard","meta":{"_jetpack_memberships_contains_paid_content":false,"footnotes":"","jetpack_publicize_message":"","jetpack_publicize_feature_enabled":true,"jetpack_social_post_already_shared":false,"jetpack_social_options":{"image_generator_settings":{"template":"highway","enabled":false}}},"categories":[1],"tags":[],"class_list":["post-441","post","type-post","status-publish","format-standard","has-post-thumbnail","hentry","category-actualidad"],"jetpack_publicize_connections":[],"jetpack_sharing_enabled":true,"jetpack_featured_media_url":"https:\/\/images.panoramatv.com.do\/wp-content\/uploads\/2020\/05\/2.jpg","jetpack_likes_enabled":true,"jetpack-related-posts":[],"_links":{"self":[{"href":"https:\/\/panoramatv.com.do\/index.php\/wp-json\/wp\/v2\/posts\/441"}],"collection":[{"href":"https:\/\/panoramatv.com.do\/index.php\/wp-json\/wp\/v2\/posts"}],"about":[{"href":"https:\/\/panoramatv.com.do\/index.php\/wp-json\/wp\/v2\/types\/post"}],"author":[{"embeddable":true,"href":"https:\/\/panoramatv.com.do\/index.php\/wp-json\/wp\/v2\/users\/1"}],"replies":[{"embeddable":true,"href":"https:\/\/panoramatv.com.do\/index.php\/wp-json\/wp\/v2\/comments?post=441"}],"version-history":[{"count":0,"href":"https:\/\/panoramatv.com.do\/index.php\/wp-json\/wp\/v2\/posts\/441\/revisions"}],"wp:featuredmedia":[{"embeddable":true,"href":"https:\/\/panoramatv.com.do\/index.php\/wp-json\/wp\/v2\/media\/442"}],"wp:attachment":[{"href":"https:\/\/panoramatv.com.do\/index.php\/wp-json\/wp\/v2\/media?parent=441"}],"wp:term":[{"taxonomy":"category","embeddable":true,"href":"https:\/\/panoramatv.com.do\/index.php\/wp-json\/wp\/v2\/categories?post=441"},{"taxonomy":"post_tag","embeddable":true,"href":"https:\/\/panoramatv.com.do\/index.php\/wp-json\/wp\/v2\/tags?post=441"}],"curies":[{"name":"wp","href":"https:\/\/api.w.org\/{rel}","templated":true}]}}