{"id":4387,"date":"2021-04-06T21:52:25","date_gmt":"2021-04-07T01:52:25","guid":{"rendered":"https:\/\/panoramatv.com.do\/?p=4387"},"modified":"2021-04-06T21:52:31","modified_gmt":"2021-04-07T01:52:31","slug":"gabinete-de-politica-social-evalua-avances-de-los-centros-de-desarrollo-integral-para-la-mujer","status":"publish","type":"post","link":"https:\/\/panoramatv.com.do\/index.php\/2021\/04\/06\/gabinete-de-politica-social-evalua-avances-de-los-centros-de-desarrollo-integral-para-la-mujer\/","title":{"rendered":"Gabinete de Pol\u00edtica Social eval\u00faa avances de los Centros de Desarrollo Integral para la Mujer"},"content":{"rendered":"\n<p><strong>Santo Domingo, 24 de marzo de 2021.<\/strong>&nbsp;El coordinador del Gabinete de Pol\u00edtica Social, Tony Pe\u00f1a, junto con t\u00e9cnicos del proyecto de los Centros de Desarrollo Integral para la Mujer (CEDIMU), encabez\u00f3 el taller donde se evaluaron los avances de este proyecto, que asegura el compromiso de disminuir la dispersi\u00f3n de pol\u00edticas y programas en favor de la mujer dominicana.<\/p>\n\n\n\n<p>Este taller tambi\u00e9n cont\u00f3 con la participaci\u00f3n del director t\u00e9cnico del Gabinete de Pol\u00edtica Social, Van Elder Espinal, de representantes de entidades del sector p\u00fablico que trabajan en favor de la mujer, de la sociedad civil y organismos internacionales.<\/p>\n\n\n\n<p>Durante la actividad, se abordaron los siguientes temas: \u201cImportancia estrat\u00e9gica del programa CEDIMU como modelo innovador de gesti\u00f3n\u201d, a cargo de la especialista en g\u00e9nero y diversidad del Banco Interamericano de Desarrollo (BID), Mar\u00eda Teresa Villanueva; Programa CEDIMU: situaci\u00f3n actual, componentes y cronograma de trabajo, a cargo de la directora de CEDIMU, Ana Lendor; \u201cModelo de atenci\u00f3n integral a la mujer\u201d, a cargo de la asesora en gesti\u00f3n de proyectos del BID, Vanessa Sayos; \u201cRevisi\u00f3n de servicios a ser ofertados en los centros CEDIMU\u201d, por la especialista en g\u00e9nero de CEDIMU, Carmen Figueiras, y \u201cCEDIMU: modelo de coordinaci\u00f3n interinstitucional basado en el trabajo articulado\u201d, a cargo de la coordinadora operativa de CEDIMU, Iraissa Ruiz.<\/p>\n\n\n\n<p>Tambi\u00e9n se formaron grupos de discusi\u00f3n para evaluar los servicios a ofrecer en los centros, sobre las instituciones que conformar\u00e1n el proyecto y acerca de la gobernanza de los centros, en una sesi\u00f3n donde participaron autoridades adem\u00e1s representantes del Banco Interamericano de Desarrollo (BID) y de las instituciones vinculadas al cuidado de la mujer en el pa\u00eds.<\/p>\n\n\n\n<p>Durante la actividad, el coordinador del Gabinete de Pol\u00edtica Social sostuvo que la idea es crear un proyecto que sea mucho m\u00e1s digerible para la poblaci\u00f3n, \u201cdonde se incluya la capacitaci\u00f3n t\u00e9cnica de la mujer y su protecci\u00f3n, se trabaje contra la violencia, se d\u00e9 asistencia judicial y los servicios m\u00e9dicos b\u00e1sicos que puedan necesitar las dominicanas\u201d, indic\u00f3.<\/p>\n\n\n\n<p>CEDIMU es un proyecto liderado por el Gabinete de Pol\u00edtica Social con el apoyo del Banco Interamericano de Desarrollo, que busca incrementar la tasa de ocupaci\u00f3n laboral femenina, reducir la tasa de mortalidad materna por c\u00e1ncer de mama y cervicouterino, disminuir la tasa de violencia contra la mujer y reducir la tasa de embarazos en adolescentes.<\/p>\n\n\n\n<figure class=\"wp-block-gallery columns-2 is-cropped wp-block-gallery-1 is-layout-flex wp-block-gallery-is-layout-flex\"><ul class=\"blocks-gallery-grid\"><li class=\"blocks-gallery-item\"><figure><img decoding=\"async\" src=\"https:\/\/images.panoramatv.com.do\/wp-content\/uploads\/2021\/04\/1-5-1024x682.jpg\" alt=\"\" data-id=\"4388\" data-full-url=\"https:\/\/images.panoramatv.com.do\/wp-content\/uploads\/2021\/04\/1-5.jpg\" data-link=\"https:\/\/panoramatv.com.do\/?attachment_id=4388\" class=\"wp-image-4388\"\/><\/figure><\/li><li class=\"blocks-gallery-item\"><figure><img decoding=\"async\" src=\"https:\/\/images.panoramatv.com.do\/wp-content\/uploads\/2021\/04\/0-6-1024x683.jpg\" alt=\"\" data-id=\"4389\" data-full-url=\"https:\/\/images.panoramatv.com.do\/wp-content\/uploads\/2021\/04\/0-6.jpg\" data-link=\"https:\/\/panoramatv.com.do\/?attachment_id=4389\" class=\"wp-image-4389\"\/><\/figure><\/li><\/ul><\/figure>\n","protected":false},"excerpt":{"rendered":"<p>Santo Domingo, 24 de marzo de 2021.&nbsp;El coordinador del Gabinete de Pol\u00edtica Social, Tony Pe\u00f1a, junto con t\u00e9cnicos del proyecto de los Centros de Desarrollo Integral para la Mujer (CEDIMU), encabez\u00f3 el taller donde se evaluaron los avances de este proyecto, que asegura el compromiso de disminuir la dispersi\u00f3n de pol\u00edticas y programas en favor [&hellip;]<\/p>\n","protected":false},"author":1,"featured_media":4388,"comment_status":"open","ping_status":"open","sticky":false,"template":"","format":"standard","meta":{"_jetpack_memberships_contains_paid_content":false,"footnotes":"","jetpack_publicize_message":"","jetpack_publicize_feature_enabled":true,"jetpack_social_post_already_shared":true,"jetpack_social_options":{"image_generator_settings":{"template":"highway","enabled":false}}},"categories":[10],"tags":[260,877],"class_list":["post-4387","post","type-post","status-publish","format-standard","has-post-thumbnail","hentry","category-panorama-social","tag-gabinete-de-politica-social","tag-panoramatv"],"jetpack_publicize_connections":[],"jetpack_sharing_enabled":true,"jetpack_featured_media_url":"https:\/\/images.panoramatv.com.do\/wp-content\/uploads\/2021\/04\/1-5.jpg","jetpack_likes_enabled":true,"jetpack-related-posts":[],"_links":{"self":[{"href":"https:\/\/panoramatv.com.do\/index.php\/wp-json\/wp\/v2\/posts\/4387"}],"collection":[{"href":"https:\/\/panoramatv.com.do\/index.php\/wp-json\/wp\/v2\/posts"}],"about":[{"href":"https:\/\/panoramatv.com.do\/index.php\/wp-json\/wp\/v2\/types\/post"}],"author":[{"embeddable":true,"href":"https:\/\/panoramatv.com.do\/index.php\/wp-json\/wp\/v2\/users\/1"}],"replies":[{"embeddable":true,"href":"https:\/\/panoramatv.com.do\/index.php\/wp-json\/wp\/v2\/comments?post=4387"}],"version-history":[{"count":0,"href":"https:\/\/panoramatv.com.do\/index.php\/wp-json\/wp\/v2\/posts\/4387\/revisions"}],"wp:featuredmedia":[{"embeddable":true,"href":"https:\/\/panoramatv.com.do\/index.php\/wp-json\/wp\/v2\/media\/4388"}],"wp:attachment":[{"href":"https:\/\/panoramatv.com.do\/index.php\/wp-json\/wp\/v2\/media?parent=4387"}],"wp:term":[{"taxonomy":"category","embeddable":true,"href":"https:\/\/panoramatv.com.do\/index.php\/wp-json\/wp\/v2\/categories?post=4387"},{"taxonomy":"post_tag","embeddable":true,"href":"https:\/\/panoramatv.com.do\/index.php\/wp-json\/wp\/v2\/tags?post=4387"}],"curies":[{"name":"wp","href":"https:\/\/api.w.org\/{rel}","templated":true}]}}