{"id":425,"date":"2020-05-01T13:54:09","date_gmt":"2020-05-01T13:54:09","guid":{"rendered":"http:\/\/panoramatv.com.do\/?p=425"},"modified":"2020-05-01T13:54:14","modified_gmt":"2020-05-01T13:54:14","slug":"ccrd-entrega-informe-de-ejecucion-presupuestaria-2019-al-congreso-nacional","status":"publish","type":"post","link":"https:\/\/panoramatv.com.do\/index.php\/2020\/05\/01\/ccrd-entrega-informe-de-ejecucion-presupuestaria-2019-al-congreso-nacional\/","title":{"rendered":"CCRD entrega Informe de Ejecuci\u00f3n Presupuestaria 2019 al Congreso Nacional"},"content":{"rendered":"\n<p>\n\nSanto Domingo. &#8211; La C\u00e1mara de Cuentas de la Rep\u00fablica Dominicana (CCRD) entreg\u00f3 el d\u00eda de hoy al Congreso Nacional el Informe sobre el An\u00e1lisis y la Evaluaci\u00f3n de la Ejecuci\u00f3n Presupuestaria y la Rendici\u00f3n de Cuentas Generales del Estado, correspondiente al a\u00f1o fiscal 2019.<\/p>\n\n\n\n<p>Con esta entrega la instituci\u00f3n da cumplimiento a lo establecido en&nbsp; la Constituci\u00f3n de la Rep\u00fablica y la Ley 10-04 y su Reglamento de Aplicaci\u00f3n 06-04, que rige la entidad fiscalizadora, donde queda establecido que este Informe debe ser entregado a finales del mes de abril.<br><br>La entrega del documento estuvo representada por el presidente de la CCRD, licenciado Hugo \u00c1lvarez P\u00e9rez, el vicepresidente, licenciado Pedro Ort\u00edz Hern\u00e1ndez y el miembro del Pleno, licenciado F\u00e9lix \u00c1lvarez Rivera.<br><br>El informe fue recibido por el presidente de la C\u00e1mara de Diputados, Radham\u00e9s Camacho y el presidente de la Comisi\u00f3n Especial ante la CCRD, el diputado, licenciado Dilepcio N\u00fa\u00f1ez, adem\u00e1s del diputado Gustavo S\u00e1nchez.<\/p>\n\n\n\n<p>Durante la entrega, el presidente de la entidad fiscalizadora, licenciado Hugo \u00c1lvarez P\u00e9rez, dijo que \u201cestamos trabajando en virtud de las declaraciones juradas, tenemos un plan donde ya estamos adaptando la CCRD en condiciones que podamos recibir a los alcaldes que quieran hacer sus declaraciones juradas de patrimonio, tanto los salientes como los entrantes, dijo el titular en declaraciones a la prensa.<\/p>\n\n\n\n<p>Asimismo , \u00c1lvarez P\u00e9rez se\u00f1al\u00f3 que algunos alcaldes salientes no se han puesto al d\u00eda con la declaraci\u00f3n jurada de patrimonio, pese al esfuerzo realizado por la CCRD, Fedomu y Fedodim.<\/p>\n\n\n\n<p>El titular de la CCRD apunt\u00f3 que \u201cse debe modificar la Ley 311-14 sobre el r\u00e9gimen, porque una persona que no cumple con la ley deber\u00eda ser inhabilitado por un periodo de cinco a\u00f1os para que no pueda ocupar un cargo p\u00fablico en ese periodo de tiempo\u201d. &nbsp; &nbsp;<\/p>\n\n\n\n<p><strong>Sobre el informe de ejecuci\u00f3n presupuestaria<\/strong><\/p>\n\n\n\n<p>El informe de ejecuci\u00f3n presupuestaria se entrega cada a\u00f1o en el mes de abril y analiza la formulaci\u00f3n y ejecuci\u00f3n del presupuesto de diferentes instancias del Gobierno, el Estado de Recaudaci\u00f3n e Inversi\u00f3n de las Rentas (ERIR), presentado por el Poder Ejecutivo, a trav\u00e9s del Ministerio de Hacienda; los reportes del Sistema de Informaci\u00f3n de la Gesti\u00f3n Financiera (Sigef) y los informes de ejecuci\u00f3n presupuestaria de las instituciones descentralizadas o aut\u00f3nomas, instituciones de la seguridad social, las entidades municipales y las asociaciones sin fines de lucro.<br><br>Tambi\u00e9n contiene las auditor\u00edas practicadas al estado de la ejecuci\u00f3n presupuestaria del Gobierno Central y al estado de la deuda p\u00fablica, as\u00ed como la auditor\u00eda a la ejecuci\u00f3n presupuestaria de la C\u00e1mara de Cuentas de la Rep\u00fablica y el informe con las auditor\u00edas a las instituciones p\u00fablicas, realizadas o en proceso.<br><\/p>\n","protected":false},"excerpt":{"rendered":"<p>Santo Domingo. &#8211; La C\u00e1mara de Cuentas de la Rep\u00fablica Dominicana (CCRD) entreg\u00f3 el d\u00eda de hoy al Congreso Nacional el Informe sobre el An\u00e1lisis y la Evaluaci\u00f3n de la Ejecuci\u00f3n Presupuestaria y la Rendici\u00f3n de Cuentas Generales del Estado, correspondiente al a\u00f1o fiscal 2019. Con esta entrega la instituci\u00f3n da cumplimiento a lo establecido [&hellip;]<\/p>\n","protected":false},"author":1,"featured_media":426,"comment_status":"open","ping_status":"open","sticky":false,"template":"","format":"standard","meta":{"_jetpack_memberships_contains_paid_content":false,"footnotes":"","jetpack_publicize_message":"","jetpack_publicize_feature_enabled":true,"jetpack_social_post_already_shared":false,"jetpack_social_options":{"image_generator_settings":{"template":"highway","enabled":false}}},"categories":[1],"tags":[],"class_list":["post-425","post","type-post","status-publish","format-standard","has-post-thumbnail","hentry","category-actualidad"],"jetpack_publicize_connections":[],"jetpack_sharing_enabled":true,"jetpack_featured_media_url":"https:\/\/images.panoramatv.com.do\/wp-content\/uploads\/2020\/05\/0.jpg","jetpack_likes_enabled":true,"jetpack-related-posts":[],"_links":{"self":[{"href":"https:\/\/panoramatv.com.do\/index.php\/wp-json\/wp\/v2\/posts\/425"}],"collection":[{"href":"https:\/\/panoramatv.com.do\/index.php\/wp-json\/wp\/v2\/posts"}],"about":[{"href":"https:\/\/panoramatv.com.do\/index.php\/wp-json\/wp\/v2\/types\/post"}],"author":[{"embeddable":true,"href":"https:\/\/panoramatv.com.do\/index.php\/wp-json\/wp\/v2\/users\/1"}],"replies":[{"embeddable":true,"href":"https:\/\/panoramatv.com.do\/index.php\/wp-json\/wp\/v2\/comments?post=425"}],"version-history":[{"count":0,"href":"https:\/\/panoramatv.com.do\/index.php\/wp-json\/wp\/v2\/posts\/425\/revisions"}],"wp:featuredmedia":[{"embeddable":true,"href":"https:\/\/panoramatv.com.do\/index.php\/wp-json\/wp\/v2\/media\/426"}],"wp:attachment":[{"href":"https:\/\/panoramatv.com.do\/index.php\/wp-json\/wp\/v2\/media?parent=425"}],"wp:term":[{"taxonomy":"category","embeddable":true,"href":"https:\/\/panoramatv.com.do\/index.php\/wp-json\/wp\/v2\/categories?post=425"},{"taxonomy":"post_tag","embeddable":true,"href":"https:\/\/panoramatv.com.do\/index.php\/wp-json\/wp\/v2\/tags?post=425"}],"curies":[{"name":"wp","href":"https:\/\/api.w.org\/{rel}","templated":true}]}}