{"id":422,"date":"2020-05-01T13:25:44","date_gmt":"2020-05-01T13:25:44","guid":{"rendered":"http:\/\/panoramatv.com.do\/?p=422"},"modified":"2020-05-01T13:25:56","modified_gmt":"2020-05-01T13:25:56","slug":"insisten-que-solo-la-creacion-de-un-fondo-de-garantia-y-un-plan-de-compras-gubernamentales-ayudara-a-las-mipymes-a-sobrepasar-la-crisis-del-covid-19","status":"publish","type":"post","link":"https:\/\/panoramatv.com.do\/index.php\/2020\/05\/01\/insisten-que-solo-la-creacion-de-un-fondo-de-garantia-y-un-plan-de-compras-gubernamentales-ayudara-a-las-mipymes-a-sobrepasar-la-crisis-del-covid-19\/","title":{"rendered":"Insisten que solo la creaci\u00f3n de un fondo de garant\u00eda y un plan de compras gubernamentales ayudar\u00e1 a las MiPymes a sobrepasar la crisis del Covid 19"},"content":{"rendered":"\n<p><strong>Santo Domingo.-<\/strong> La Confederaci\u00f3n Dominicana\nde la Peque\u00f1a y Mediana Empresa CODOPYME, insisti\u00f3 en que solo la creaci\u00f3n de\nun fondo de garant\u00eda vinculado a un plan de compras gubernamentales, lograr\u00e1\nayudar a las MiPymes a rebasar la crisis econ\u00f3mica que les dejar\u00e1 el Covid 19. <\/p>\n\n\n\n<p>Luz\nEstrella, directora ejecutiva de la entidad, record\u00f3 las propuestas a\u00fan\npendientes del plan de contingencia para mitigar el impacto del coronavirus\npropuesto desde el mes de marzo, resaltando dentro de las m\u00e1s relevantes la creaci\u00f3n\nde un fondo de garant\u00eda para atender la necesidad de financiamiento de las\nmicro, peque\u00f1as y medianas empresas, con especial \u00e9nfasis a las peque\u00f1as\nindustrias y agroindustrias, ya que estas \u00faltimas son quienes requieren\nprestamos de mayor escala debido a su din\u00e1mica. <\/p>\n\n\n\n<p>Este fondo\nde garant\u00eda deber\u00e1 contemplar pol\u00edticas flexibles que incluyan plazos de hasta\n120 d\u00edas, pr\u00e9stamos de hasta 10 millones y a una tasa no mayor al 6%, al igual\nque incluir la facilidad de renegociaci\u00f3n de pr\u00e9stamos vigentes y la facilidad\nde reenganchar los prestamos hasta 100% del valor adeudado. <\/p>\n\n\n\n<p>Adicional a\nlo antes mencionado, CODOPYME pide que la pol\u00edtica de colocaci\u00f3n de estos\nfondos incluya un periodo de gracia de al menos seis meses. Estrella expres\u00f3, \u2018\u2018esos\npr\u00e9stamos ser\u00edan para capital de trabajo, modernizaci\u00f3n de maquinarias y\nequipos y fortalecer sus estructuras que les permitan prepararse para las\nexportaciones. Esta medida deber\u00e1 hacerse acompa\u00f1ar tambi\u00e9n de la disposici\u00f3n\nde que las maquinarias y equipos adquiridos para fines de reconversi\u00f3n\ntecnol\u00f3gica est\u00e9n exentos del pago del ITBIS en aduanas\u2019\u2019. <\/p>\n\n\n\n<p>Luz\nEstrella, recomienda que este fondo sea colocado directamente en el Consejo\nNacional de Promoci\u00f3n y Apoyo a la Micro, Peque\u00f1a y Mediana Empresa, como\n\u00f3rgano responsable del financiamiento y la asistencia t\u00e9cnica para promover la\neficiencia, la modernizaci\u00f3n, el fortalecimiento y el desarrollo del sector,\ntal y como lo estable la ley 488-06, agreg\u00f3.<a><\/a><\/p>\n\n\n\n<p>\u2018\u2018Para dar mayor fortaleza al cumplimento\nde los financiamientos colocados se debe vincular un plan de compras\ngubernamentales dirigido exclusivamente a las MiPymes, una vez el pa\u00eds est\u00e9\npreparado para reactivar la econom\u00eda y haya sobrepasado el pico de infestaci\u00f3n.\nProponemos se ponga en marcha un plan de reapertura de las MiPymes, apalancado\nen un plan de compras gubernamentales en el que se contemple todos los bienes y\nservicios que puedan ser suplidos por las MiPymes mediante procesos de compras\nsimplificados que garanticen el relanzamiento y la\ndinamizaci\u00f3n r\u00e1pida de los sectores productivos\u2019\u2019, enfatiz\u00f3 Estrella. <\/p>\n\n\n\n<p>CODOPYME asegura\nque este plan puede contemplar entre otros sectores MiPymes, a la industria\ntextil, con la fabricaci\u00f3n de lencer\u00eda de cama para hospitales, ropa para\npersonal m\u00e9dico, mascarillas y otros; la industria metalmec\u00e1nica y del mueble\ncon un plan de fabricaci\u00f3n y reparaci\u00f3n de mobiliarios hospitalarios y\nescolares; la industria de los procesadores de la harina para que a trav\u00e9s del\nplan social se aumente la entrega de pan y galletas a las familias m\u00e1s\nnecesitadas; a los industriales de cosm\u00e9ticos para la fabricaci\u00f3n de gel\nantibacterial y productos de limpieza e higiene requeridos por las instituciones\np\u00fablicas; la industria del calzado para zapatos m\u00e9dicos, entre muchos otros\nm\u00e1s. <\/p>\n\n\n\n<p>La\nejecutiva de CODOPYME dijo, que el gobierno tambi\u00e9n deber\u00e1 incluir en sus\ncompras unos kits de prevenci\u00f3n de contagio para ser entregados a las MiPymes\nen especial a la microempresa y los trabajadores independientes, conteniendo\nmascarillas, gel antibacterial y guantes, para ayudar a quienes no puedan solventar\nel costo de adquirir los productos para evitar el contagio del virus en negocios\nfijos y m\u00f3viles.&nbsp; <\/p>\n\n\n\n<p>Al mismo\ntiempo, Estrella aclar\u00f3 que los componentes de estos kits deber\u00e1n ser\nproducidos por las MiPymes en cada localidad, con lo que se dinamizar\u00edan las\neconom\u00edas locales, por ejemplo, &nbsp;los\npeque\u00f1os talleres textiles fabricar\u00edan las mascarillas, los peque\u00f1os laboratorios\nproducir\u00edan el gel antibacterial y as\u00ed sucesivamente\u2026<\/p>\n\n\n\n<p>Finalmente\ndijo que para este plan proponen una alianza con las confederaciones, asociaciones\ny federaciones de micro peque\u00f1as y medianas empresas, con los cuales\ngarantizar\u00edan su efectividad, adem\u00e1s, procurar\u00e1n hacer encadenamientos\nproductivos mediante cl\u00faster para fortalecer las capacidades de los sectores\nmenos estructurados y potencializar la producci\u00f3n. <\/p>\n","protected":false},"excerpt":{"rendered":"<p>Santo Domingo.- La Confederaci\u00f3n Dominicana de la Peque\u00f1a y Mediana Empresa CODOPYME, insisti\u00f3 en que solo la creaci\u00f3n de un fondo de garant\u00eda vinculado a un plan de compras gubernamentales, lograr\u00e1 ayudar a las MiPymes a rebasar la crisis econ\u00f3mica que les dejar\u00e1 el Covid 19. Luz Estrella, directora ejecutiva de la entidad, record\u00f3 las [&hellip;]<\/p>\n","protected":false},"author":1,"featured_media":423,"comment_status":"open","ping_status":"open","sticky":false,"template":"","format":"standard","meta":{"_jetpack_memberships_contains_paid_content":false,"footnotes":"","jetpack_publicize_message":"","jetpack_publicize_feature_enabled":true,"jetpack_social_post_already_shared":false,"jetpack_social_options":{"image_generator_settings":{"template":"highway","enabled":false}}},"categories":[9],"tags":[],"class_list":["post-422","post","type-post","status-publish","format-standard","has-post-thumbnail","hentry","category-panorama-economico"],"jetpack_publicize_connections":[],"jetpack_sharing_enabled":true,"jetpack_featured_media_url":"https:\/\/images.panoramatv.com.do\/wp-content\/uploads\/2020\/05\/luz-estrella_13785137_20200430102749.jpg","jetpack_likes_enabled":true,"jetpack-related-posts":[],"_links":{"self":[{"href":"https:\/\/panoramatv.com.do\/index.php\/wp-json\/wp\/v2\/posts\/422"}],"collection":[{"href":"https:\/\/panoramatv.com.do\/index.php\/wp-json\/wp\/v2\/posts"}],"about":[{"href":"https:\/\/panoramatv.com.do\/index.php\/wp-json\/wp\/v2\/types\/post"}],"author":[{"embeddable":true,"href":"https:\/\/panoramatv.com.do\/index.php\/wp-json\/wp\/v2\/users\/1"}],"replies":[{"embeddable":true,"href":"https:\/\/panoramatv.com.do\/index.php\/wp-json\/wp\/v2\/comments?post=422"}],"version-history":[{"count":0,"href":"https:\/\/panoramatv.com.do\/index.php\/wp-json\/wp\/v2\/posts\/422\/revisions"}],"wp:featuredmedia":[{"embeddable":true,"href":"https:\/\/panoramatv.com.do\/index.php\/wp-json\/wp\/v2\/media\/423"}],"wp:attachment":[{"href":"https:\/\/panoramatv.com.do\/index.php\/wp-json\/wp\/v2\/media?parent=422"}],"wp:term":[{"taxonomy":"category","embeddable":true,"href":"https:\/\/panoramatv.com.do\/index.php\/wp-json\/wp\/v2\/categories?post=422"},{"taxonomy":"post_tag","embeddable":true,"href":"https:\/\/panoramatv.com.do\/index.php\/wp-json\/wp\/v2\/tags?post=422"}],"curies":[{"name":"wp","href":"https:\/\/api.w.org\/{rel}","templated":true}]}}