{"id":2922,"date":"2021-01-06T23:05:39","date_gmt":"2021-01-07T03:05:39","guid":{"rendered":"https:\/\/panoramatv.com.do\/?p=2922"},"modified":"2021-01-06T23:06:22","modified_gmt":"2021-01-07T03:06:22","slug":"observatorio-de-medios-digitales-dominicanos-realizara-investigacion-sobre-uso-de-medios-digitales-en-rd","status":"publish","type":"post","link":"https:\/\/panoramatv.com.do\/index.php\/2021\/01\/06\/observatorio-de-medios-digitales-dominicanos-realizara-investigacion-sobre-uso-de-medios-digitales-en-rd\/","title":{"rendered":"Observatorio de Medios Digitales Dominicanos realizar\u00e1 investigaci\u00f3n sobre uso de medios digitales en RD"},"content":{"rendered":"\n<p>El Observatorio de Medios Digitales Dominicanos realizar\u00e1 la primera investigaci\u00f3n sobre uso de medios digitales en Rep\u00fablica Dominicana, con el prop\u00f3sito de establecer c\u00f3mo utilizan los dominicanos estas plataformas.<\/p>\n\n\n\n<p>La informaci\u00f3n la ofreci\u00f3 hoy la periodista Cristal Acevedo, fundadora y presidenta del Observatorio, quien agreg\u00f3 que con esta investigaci\u00f3n la instituci\u00f3n busca conocer mejor acerca de la forma en que los usuarios de Internet dominicanos acceden y utilizan los medios digitales nacionales.<\/p>\n\n\n\n<p>\u00a8Por mucho tiempo hemos querido establecer de manera detallada qu\u00e9 hacen los dominicanos en Internet: c\u00f3mo usan los medios digitales, cu\u00e1les les gustan y sobre todo cu\u00e1l es el formato que prefieren como usuarios\u00a8, explic\u00f3 Acevedo a trav\u00e9s de una nota de prensa enviada a los medios para informar de esta iniciativa.<\/p>\n\n\n\n<p>Indic\u00f3 que el estudio abarcar\u00e1 todas las provincias del pa\u00eds, con el fin de conocer de forma particular c\u00f3mo los usuarios consumen la informaci\u00f3n suministrada por los medios digitales.<\/p>\n\n\n\n<p>Acevedo tambi\u00e9n se\u00f1al\u00f3 que para recabar la informaci\u00f3n del estudio, se aplicar\u00e1 un cuestionario online a los ciudadanos constituidos en muestra de la investigaci\u00f3n, la cual fue dise\u00f1ada a partir del paradigma cualitativo, con un alcance descriptivo.<\/p>\n\n\n\n<p>En ese sentido, indic\u00f3 que la muestra ser\u00e1 escogida a trav\u00e9s del procedimiento aleatorio simple que en el campo de la estad\u00edstica est\u00e1 enmarcado en el muestreo probabil\u00edstico, referido estrictamente a c\u00f3mo seleccionar la representaci\u00f3n de una poblaci\u00f3n bajo estudio.<\/p>\n\n\n\n<p>Esto para seguir los lineamientos de la investigaci\u00f3n cient\u00edfica y poder hacer generalizable los resultados, las cuales se espera hacer p\u00fablicos una vez concluya el proceso de recolecci\u00f3n y an\u00e1lisis de la informaci\u00f3n recogida.<\/p>\n\n\n\n<p>Esta es la segunda investigaci\u00f3n sobre medios digitales que realiza el Observatorio y la cuarta dirigida por Acevedo, quien adem\u00e1s de ser periodista tiene una especializaci\u00f3n en marketing digital y concluy\u00f3 un doctorado en educaci\u00f3n, para el que desarrolla una investigaci\u00f3n sobre el uso dado a plataformas digitales por parte de los docentes de las escuelas de comunicaci\u00f3n social de Rep\u00fablica Dominicana.<\/p>\n\n\n\n<p>La primera investigaci\u00f3n realizada por el Observatorio fue realizada en 2017, cuando la instituci\u00f3n recibi\u00f3 la solicitud por parte de la empresa consultora venezolana Tendencias Digitales, para hacer el estudio \u00a8<em>Uso de Internet en Latinoam\u00e9rica 2017\u00a8<\/em>, que tuvo como finalidad ofrecer un panorama completo sobre el uso de Internet en la regi\u00f3n.<\/p>\n\n\n\n<p>Ese estudio que en el pa\u00eds fue dirigido por Acevedo, abarc\u00f3 13 pa\u00edses de Latinoam\u00e9rica y estableci\u00f3 que la Rep\u00fablica Dominicana contaba con una penetraci\u00f3n de Internet de un 67%, porcentaje por encima del promedio en la regi\u00f3n que en ese momento era de 62%.<\/p>\n\n\n\n<div class=\"wp-block-image\"><figure class=\"aligncenter size-large\"><img decoding=\"async\" src=\"https:\/\/images.panoramatv.com.do\/wp-content\/uploads\/2021\/01\/0-7.jpg\" alt=\"\" class=\"wp-image-2923\"\/><\/figure><\/div>\n","protected":false},"excerpt":{"rendered":"<p>El Observatorio de Medios Digitales Dominicanos realizar\u00e1 la primera investigaci\u00f3n sobre uso de medios digitales en Rep\u00fablica Dominicana, con el prop\u00f3sito de establecer c\u00f3mo utilizan los dominicanos estas plataformas. La informaci\u00f3n la ofreci\u00f3 hoy la periodista Cristal Acevedo, fundadora y presidenta del Observatorio, quien agreg\u00f3 que con esta investigaci\u00f3n la instituci\u00f3n busca conocer mejor acerca [&hellip;]<\/p>\n","protected":false},"author":1,"featured_media":2923,"comment_status":"open","ping_status":"open","sticky":false,"template":"","format":"standard","meta":{"_jetpack_memberships_contains_paid_content":false,"footnotes":"","jetpack_publicize_message":"","jetpack_publicize_feature_enabled":true,"jetpack_social_post_already_shared":true,"jetpack_social_options":{"image_generator_settings":{"template":"highway","enabled":false}}},"categories":[1],"tags":[481],"class_list":["post-2922","post","type-post","status-publish","format-standard","has-post-thumbnail","hentry","category-actualidad","tag-observatorio-de-medios-digitales"],"jetpack_publicize_connections":[],"jetpack_sharing_enabled":true,"jetpack_featured_media_url":"https:\/\/images.panoramatv.com.do\/wp-content\/uploads\/2021\/01\/0-7.jpg","jetpack_likes_enabled":true,"jetpack-related-posts":[],"_links":{"self":[{"href":"https:\/\/panoramatv.com.do\/index.php\/wp-json\/wp\/v2\/posts\/2922"}],"collection":[{"href":"https:\/\/panoramatv.com.do\/index.php\/wp-json\/wp\/v2\/posts"}],"about":[{"href":"https:\/\/panoramatv.com.do\/index.php\/wp-json\/wp\/v2\/types\/post"}],"author":[{"embeddable":true,"href":"https:\/\/panoramatv.com.do\/index.php\/wp-json\/wp\/v2\/users\/1"}],"replies":[{"embeddable":true,"href":"https:\/\/panoramatv.com.do\/index.php\/wp-json\/wp\/v2\/comments?post=2922"}],"version-history":[{"count":0,"href":"https:\/\/panoramatv.com.do\/index.php\/wp-json\/wp\/v2\/posts\/2922\/revisions"}],"wp:featuredmedia":[{"embeddable":true,"href":"https:\/\/panoramatv.com.do\/index.php\/wp-json\/wp\/v2\/media\/2923"}],"wp:attachment":[{"href":"https:\/\/panoramatv.com.do\/index.php\/wp-json\/wp\/v2\/media?parent=2922"}],"wp:term":[{"taxonomy":"category","embeddable":true,"href":"https:\/\/panoramatv.com.do\/index.php\/wp-json\/wp\/v2\/categories?post=2922"},{"taxonomy":"post_tag","embeddable":true,"href":"https:\/\/panoramatv.com.do\/index.php\/wp-json\/wp\/v2\/tags?post=2922"}],"curies":[{"name":"wp","href":"https:\/\/api.w.org\/{rel}","templated":true}]}}