{"id":292,"date":"2020-03-23T22:08:06","date_gmt":"2020-03-23T22:08:06","guid":{"rendered":"http:\/\/panoramatv.com.do\/?p=292"},"modified":"2020-03-23T22:08:11","modified_gmt":"2020-03-23T22:08:11","slug":"como-evitar-la-caida-del-cabello-por-completo","status":"publish","type":"post","link":"https:\/\/panoramatv.com.do\/index.php\/2020\/03\/23\/como-evitar-la-caida-del-cabello-por-completo\/","title":{"rendered":"C\u00f3mo evitar la ca\u00edda del cabello por completo"},"content":{"rendered":"\n<p>Si es largo y rizado o corto y liso, cuando nuestro pelo se ve y se siente magn\u00edfico, nosotros tambi\u00e9n. Pero como la mayor\u00eda de nosotros perdemos m\u00e1s de 150 hebras naturalmente todos los d\u00edas, perderlo puede ser una preocupaci\u00f3n para muchas mujeres. Si desea proteger tus trenzas sin la molestia de tratamientos de p\u00e9rdida de cabello, siga nuestros consejos sobre c\u00f3mo prevenir la p\u00e9rdida de cabello y mantenerlo lleno de vida.<br><\/p>\n\n\n\n<h2 class=\"wp-block-heading\">Mant\u00e9n tu cabello fuerte.<\/h2>\n\n\n\n<p>Un cabello hermoso es un cabello fuerte. Elija productos dise\u00f1ados para ayudar a prevenir la ca\u00edda del cabello, como\u00a0<a href=\"https:\/\/www.dove.com\/co\/cuidado-para-el-cabello\/shampoo\/control-caida-shampoo.html\">nuestro shampoo Control Ca\u00edda<\/a><\/p>\n\n\n\n<h2 class=\"wp-block-heading\">Se delicada con el cabello mojado.<\/h2>\n\n\n\n<p>Nuestro cabello es m\u00e1s vulnerable cuando est\u00e1 h\u00famedo, por lo que es importante tener un cuidado especial despu\u00e9s del lavado. Cuando se seque el cabello con una toalla, hazlo de forma delicada; presione y suavemente exprima su pelo en vez de frotar, porque este puede causar el da\u00f1o que conduce a la p\u00e9rdida del pelo. Opta por un peine de dientes anchos al cepillarse el cabello cuando est\u00e1 demasiado h\u00famedo<\/p>\n\n\n\n<h2 class=\"wp-block-heading\">Cambia tu peinado.<\/h2>\n\n\n\n<p>Cuando se trata de llevar un cabello peinado, tu forma de peinarlo puede hacer la diferencia. Piense en pedirle a su peluquero que a\u00f1ada capas, lo que puede ayudar a que su cabello parezca m\u00e1s grueso y m\u00e1s largo<\/p>\n\n\n\n<p><\/p>\n","protected":false},"excerpt":{"rendered":"<p>Si es largo y rizado o corto y liso, cuando nuestro pelo se ve y se siente magn\u00edfico, nosotros tambi\u00e9n. Pero como la mayor\u00eda de nosotros perdemos m\u00e1s de 150 hebras naturalmente todos los d\u00edas, perderlo puede ser una preocupaci\u00f3n para muchas mujeres. Si desea proteger tus trenzas sin la molestia de tratamientos de p\u00e9rdida [&hellip;]<\/p>\n","protected":false},"author":1,"featured_media":293,"comment_status":"open","ping_status":"open","sticky":false,"template":"","format":"standard","meta":{"_jetpack_memberships_contains_paid_content":false,"footnotes":"","jetpack_publicize_message":"","jetpack_publicize_feature_enabled":true,"jetpack_social_post_already_shared":false,"jetpack_social_options":{"image_generator_settings":{"template":"highway","enabled":false}}},"categories":[1],"tags":[],"class_list":["post-292","post","type-post","status-publish","format-standard","has-post-thumbnail","hentry","category-actualidad"],"jetpack_publicize_connections":[],"jetpack_sharing_enabled":true,"jetpack_featured_media_url":"https:\/\/images.panoramatv.com.do\/wp-content\/uploads\/2020\/03\/caidecabello1.jpg","jetpack_likes_enabled":true,"jetpack-related-posts":[],"_links":{"self":[{"href":"https:\/\/panoramatv.com.do\/index.php\/wp-json\/wp\/v2\/posts\/292"}],"collection":[{"href":"https:\/\/panoramatv.com.do\/index.php\/wp-json\/wp\/v2\/posts"}],"about":[{"href":"https:\/\/panoramatv.com.do\/index.php\/wp-json\/wp\/v2\/types\/post"}],"author":[{"embeddable":true,"href":"https:\/\/panoramatv.com.do\/index.php\/wp-json\/wp\/v2\/users\/1"}],"replies":[{"embeddable":true,"href":"https:\/\/panoramatv.com.do\/index.php\/wp-json\/wp\/v2\/comments?post=292"}],"version-history":[{"count":0,"href":"https:\/\/panoramatv.com.do\/index.php\/wp-json\/wp\/v2\/posts\/292\/revisions"}],"wp:featuredmedia":[{"embeddable":true,"href":"https:\/\/panoramatv.com.do\/index.php\/wp-json\/wp\/v2\/media\/293"}],"wp:attachment":[{"href":"https:\/\/panoramatv.com.do\/index.php\/wp-json\/wp\/v2\/media?parent=292"}],"wp:term":[{"taxonomy":"category","embeddable":true,"href":"https:\/\/panoramatv.com.do\/index.php\/wp-json\/wp\/v2\/categories?post=292"},{"taxonomy":"post_tag","embeddable":true,"href":"https:\/\/panoramatv.com.do\/index.php\/wp-json\/wp\/v2\/tags?post=292"}],"curies":[{"name":"wp","href":"https:\/\/api.w.org\/{rel}","templated":true}]}}